{"id":19540,"date":"2017-12-04T17:35:08","date_gmt":"2017-12-04T22:35:08","guid":{"rendered":"https:\/\/emisora.univalle.edu.co\/?p=19540"},"modified":"2017-12-06T09:30:21","modified_gmt":"2017-12-06T14:30:21","slug":"taller-y-conferencia-sobre-etnografia-feminista","status":"publish","type":"post","link":"https:\/\/emisora.univalle.edu.co\/index.php\/taller-y-conferencia-sobre-etnografia-feminista\/","title":{"rendered":"Taller y conferencia sobre etnograf\u00eda feminista"},"content":{"rendered":"<p>Carmen Gregorio Gil, profesora del Departamento de Antropolog\u00eda Social de la Universidad de Granada, estar\u00e1 en la Universidad del Valle presentando una conferencia y un taller sobre etnograf\u00eda feminista.<\/p>\n<p>El taller \u00abEtnograf\u00eda feminista: compartiendo experiencias de investigaci\u00f3n\u00bb se realizar\u00e1 los d\u00edas 5 y 6 de diciembre, de 2:00 p.m. a\u00a0 6:00 p.m, en el sal\u00f3n 4000 Edificio 385. Este taller es exclusivo para estudiantes de posgrado. La entrada es libre. Los cupos son limitados.<\/p>\n<p>La conferencia \u00abLos por qu\u00e9 y para qu\u00e9 de una etnograf\u00eda feminista\u00bb se realizar\u00e1 el 7 de diciembre de 2017, de 3:00 p.m. a 6:00 p.m., en el Auditorio Antonio Jos\u00e9 Posada. La entrada es libre.<\/p>\n<p>Quienes no puedan asistir a la conferencia de la acad\u00e9mica espa\u00f1ola, podr\u00e1n verla a trav\u00e9s de streaming en el siguiente enlace https:\/\/zoom.us\/j\/341479257<\/p>\n<p>La visita de la profesora Carmen Gregorio Gil es gracias al esfuerzo de Colciencias, la Universidad del Valle, el Instituto de Psicolog\u00eda, el Centro de Investigaciones y Estudios Avanzados en Psicolog\u00eda, Cognici\u00f3n y Cultura, el Doctorado y la Maestr\u00eda en Psicolog\u00eda y el Grupo de investigaci\u00f3n Desarrollo Psicol\u00f3gico en Contextos (Proyecto Colciencias 1106-740-54599).<\/p>\n<p>Inscripciones al taller gratuito \u00abEtnograf\u00eda feminista: compartiendo experiencias de investigaci\u00f3n\u00bb <a href=\"https:\/\/goo.gl\/forms\/g987eKdkJc7VhJnp\">https:\/\/goo.gl\/forms\/g987eKdkJc7VhJnp<\/a>1<\/p>\n<p>Inscripciones a la conferencia \u00abLos por qu\u00e9 y para qu\u00e9 de una etnograf\u00eda feminista\u00bb <a href=\"https:\/\/goo.gl\/forms\/NjWHvHQLJGUI3ws92\">https:\/\/goo.gl\/forms\/NjWHvHQLJGUI3ws92<\/a><\/p>\n<p>Fuente: A<a href=\"http:\/\/www.univalle.edu.co\/lo-que-pasa-en-la-u\/taller-y-conferencia-sobre-etnografia-feminista\/#\">gencia de Noticias Univalle<\/a><\/p>\n","protected":false},"excerpt":{"rendered":"<p>Carmen Gregorio Gil, profesora del Departamento de Antropolog\u00eda Social de la Universidad de Granada, estar\u00e1 en la Universidad del Valle presentando una conferencia y un taller sobre etnograf\u00eda feminista. El taller \u00abEtnograf\u00eda feminista: compartiendo experiencias de investigaci\u00f3n\u00bb se realizar\u00e1 los d\u00edas 5 y 6 de diciembre, de 2:00 p.m. a\u00a0[&#8230;]<\/p>\n","protected":false},"author":1,"featured_media":19543,"comment_status":"open","ping_status":"open","sticky":false,"template":"","format":"standard","meta":{"footnotes":""},"categories":[4],"tags":[],"_links":{"self":[{"href":"https:\/\/emisora.univalle.edu.co\/index.php\/wp-json\/wp\/v2\/posts\/19540"}],"collection":[{"href":"https:\/\/emisora.univalle.edu.co\/index.php\/wp-json\/wp\/v2\/posts"}],"about":[{"href":"https:\/\/emisora.univalle.edu.co\/index.php\/wp-json\/wp\/v2\/types\/post"}],"author":[{"embeddable":true,"href":"https:\/\/emisora.univalle.edu.co\/index.php\/wp-json\/wp\/v2\/users\/1"}],"replies":[{"embeddable":true,"href":"https:\/\/emisora.univalle.edu.co\/index.php\/wp-json\/wp\/v2\/comments?post=19540"}],"version-history":[{"count":2,"href":"https:\/\/emisora.univalle.edu.co\/index.php\/wp-json\/wp\/v2\/posts\/19540\/revisions"}],"predecessor-version":[{"id":19547,"href":"https:\/\/emisora.univalle.edu.co\/index.php\/wp-json\/wp\/v2\/posts\/19540\/revisions\/19547"}],"wp:featuredmedia":[{"embeddable":true,"href":"https:\/\/emisora.univalle.edu.co\/index.php\/wp-json\/wp\/v2\/media\/19543"}],"wp:attachment":[{"href":"https:\/\/emisora.univalle.edu.co\/index.php\/wp-json\/wp\/v2\/media?parent=19540"}],"wp:term":[{"taxonomy":"category","embeddable":true,"href":"https:\/\/emisora.univalle.edu.co\/index.php\/wp-json\/wp\/v2\/categories?post=19540"},{"taxonomy":"post_tag","embeddable":true,"href":"https:\/\/emisora.univalle.edu.co\/index.php\/wp-json\/wp\/v2\/tags?post=19540"}],"curies":[{"name":"wp","href":"https:\/\/api.w.org\/{rel}","templated":true}]}}