{"id":19545,"date":"2017-12-04T17:36:47","date_gmt":"2017-12-04T22:36:47","guid":{"rendered":"https:\/\/emisora.univalle.edu.co\/?p=19545"},"modified":"2017-12-06T09:30:13","modified_gmt":"2017-12-06T14:30:13","slug":"seminario-taller-sobre-familias","status":"publish","type":"post","link":"https:\/\/emisora.univalle.edu.co\/index.php\/seminario-taller-sobre-familias\/","title":{"rendered":"Seminario Taller sobre Familias"},"content":{"rendered":"<p><a href=\"https:\/\/emisora.univalle.edu.co\/taller-y-conferencia-sobre-etnografia-feminista\/seminario-taller\/\" rel=\"attachment wp-att-19541\"><img loading=\"lazy\" decoding=\"async\" class=\" wp-image-19541 alignright\" src=\"https:\/\/emisora.univalle.edu.co\/wp-content\/uploads\/2017\/12\/seminario-taller.jpg\" alt=\"\" width=\"445\" height=\"445\" srcset=\"https:\/\/emisora.univalle.edu.co\/wp-content\/uploads\/2017\/12\/seminario-taller.jpg 400w, https:\/\/emisora.univalle.edu.co\/wp-content\/uploads\/2017\/12\/seminario-taller-150x150.jpg 150w, https:\/\/emisora.univalle.edu.co\/wp-content\/uploads\/2017\/12\/seminario-taller-300x300.jpg 300w, https:\/\/emisora.univalle.edu.co\/wp-content\/uploads\/2017\/12\/seminario-taller-100x100.jpg 100w\" sizes=\"(max-width: 445px) 100vw, 445px\" \/><\/a>\u00a0\u201cEvaluaci\u00f3n y ajuste de la pol\u00edtica p\u00fablica de convivencia familiar\u201d<\/p>\n<p>En el marco de la evaluaci\u00f3n y ajuste de la pol\u00edtica p\u00fablica de convivencia familiar de la ciudad de Cali, que adelanta la Universidad del Valle a trav\u00e9s de la Escuela de Trabajo Social y Desarrollo Humano, se realizar\u00e1 el \u201cSEMINARIO TALLER SOBRE FAMILIAS\u201d, este es el tercer evento que la Alcald\u00eda de Cali desarrolla como un espacio acad\u00e9mico para el fortalecimiento, actualizaci\u00f3n y difusi\u00f3n de experiencias que enriquecen las intervenciones que desde familia se ejecutan por parte de los entes gubernamentales , Organizaciones no Gubernamentales y dem\u00e1s organizaciones sociales del municipio.<\/p>\n<p>En este sentido el seminario busca trabajar temas que contribuyan al proceso de evaluaci\u00f3n y posterior ajuste de la pol\u00edtica que cumpli\u00f3 10 a\u00f1os desde su promulgaci\u00f3n; el evento se realizar\u00e1 en el Sal\u00f2n Ca\u00f1averales del Hotel NH ROYAL (Antiguo Radisson de Holguines), los d\u00edas 11 y 12 de diciembre de 2017, entre los ponentes invitados se encuentran: Yolanda Puyana \u2013 Universidad Nacional de Colombia, Mar\u00eda Cristina Palacio &#8211; Universidad de Caldas, Luis Juli\u00e1n Salas \u2013 Medell\u00edn, Adriana Paola Rodr\u00edguez \u2013 Alcald\u00eda de Bogot\u00e1, Daniel Campo \u2013 Universidad del Valle, Jackeline Garavito \u2013 Universidad Javeriana y Lorena Villegas \u2013 Secretar\u00eda de Salud P\u00fablica Municipal.<\/p>\n<p>El d\u00eda 12 de diciembre se realizar\u00e1 un panel de expertos centrado en los aportes para el ajuste de la pol\u00edtica p\u00fablica. La invitaci\u00f3n al evento es gratuita para todos los profesionales, l\u00edderes comunitarios y sociales, estudiantes, acad\u00e9micos y funcionarios interesados en la tem\u00e1tica.<\/p>\n<p>CUPOS LIMITADOS. Inscripciones hasta el jueves 07 de diciembre 12:00 m<\/p>\n<p>Contacto: (317) 816 \u2013 5611<\/p>\n<p>Correo electr\u00f3nico: <a href=\"mailto:seminariotallersobrefamilias@gmail.com\">seminariotallersobrefamilias@gmail.com<\/a><\/p>\n<p>Ver programaci\u00f3n en el siguiente enlace:<\/p>\n<p><a href=\"https:\/\/drive.google.com\/file\/d\/1nPfGHFsk_cH6FVKTmLuBzLhwaGPMvckd\/view?usp=sharing\">https:\/\/drive.google.com\/file\/d\/1nPfGHFsk_cH6FVKTmLuBzLhwaGPMvckd\/view?usp=sharing<\/a><\/p>\n<p>Ver afiche:<\/p>\n<p><a href=\"https:\/\/drive.google.com\/file\/d\/1JxrOJ_GvlLzg-0G1YP_JCWDeOBUextZF\/view?usp=sharing\">https:\/\/drive.google.com\/file\/d\/1JxrOJ_GvlLzg-0G1YP_JCWDeOBUextZF\/view?usp=sharing<\/a><\/p>\n<p>Fuente: <a href=\"http:\/\/www.univalle.edu.co\/lo-que-pasa-en-la-u\/seminario-taller-familias\/#\">Agencia de Noticias Univalle<\/a><\/p>\n","protected":false},"excerpt":{"rendered":"<p>\u00a0\u201cEvaluaci\u00f3n y ajuste de la pol\u00edtica p\u00fablica de convivencia familiar\u201d En el marco de la evaluaci\u00f3n y ajuste de la pol\u00edtica p\u00fablica de convivencia familiar de la ciudad de Cali, que adelanta la Universidad del Valle a trav\u00e9s de la Escuela de Trabajo Social y Desarrollo Humano, se realizar\u00e1 el[&#8230;]<\/p>\n","protected":false},"author":1,"featured_media":19542,"comment_status":"open","ping_status":"open","sticky":false,"template":"","format":"standard","meta":{"footnotes":""},"categories":[4],"tags":[],"_links":{"self":[{"href":"https:\/\/emisora.univalle.edu.co\/index.php\/wp-json\/wp\/v2\/posts\/19545"}],"collection":[{"href":"https:\/\/emisora.univalle.edu.co\/index.php\/wp-json\/wp\/v2\/posts"}],"about":[{"href":"https:\/\/emisora.univalle.edu.co\/index.php\/wp-json\/wp\/v2\/types\/post"}],"author":[{"embeddable":true,"href":"https:\/\/emisora.univalle.edu.co\/index.php\/wp-json\/wp\/v2\/users\/1"}],"replies":[{"embeddable":true,"href":"https:\/\/emisora.univalle.edu.co\/index.php\/wp-json\/wp\/v2\/comments?post=19545"}],"version-history":[{"count":1,"href":"https:\/\/emisora.univalle.edu.co\/index.php\/wp-json\/wp\/v2\/posts\/19545\/revisions"}],"predecessor-version":[{"id":19546,"href":"https:\/\/emisora.univalle.edu.co\/index.php\/wp-json\/wp\/v2\/posts\/19545\/revisions\/19546"}],"wp:featuredmedia":[{"embeddable":true,"href":"https:\/\/emisora.univalle.edu.co\/index.php\/wp-json\/wp\/v2\/media\/19542"}],"wp:attachment":[{"href":"https:\/\/emisora.univalle.edu.co\/index.php\/wp-json\/wp\/v2\/media?parent=19545"}],"wp:term":[{"taxonomy":"category","embeddable":true,"href":"https:\/\/emisora.univalle.edu.co\/index.php\/wp-json\/wp\/v2\/categories?post=19545"},{"taxonomy":"post_tag","embeddable":true,"href":"https:\/\/emisora.univalle.edu.co\/index.php\/wp-json\/wp\/v2\/tags?post=19545"}],"curies":[{"name":"wp","href":"https:\/\/api.w.org\/{rel}","templated":true}]}}