{"id":19553,"date":"2017-12-05T10:00:27","date_gmt":"2017-12-05T15:00:27","guid":{"rendered":"https:\/\/emisora.univalle.edu.co\/?p=19553"},"modified":"2017-12-06T09:30:05","modified_gmt":"2017-12-06T14:30:05","slug":"finaliza-escuela-de-estudios-avanzados-dialogos-etnico-raciales-africa-america-europa","status":"publish","type":"post","link":"https:\/\/emisora.univalle.edu.co\/index.php\/finaliza-escuela-de-estudios-avanzados-dialogos-etnico-raciales-africa-america-europa\/","title":{"rendered":"Finaliza Escuela de Estudios Avanzados:\u00a0Di\u00e1logos \u00c9tnico-Raciales: \u00c1frica, Am\u00e9rica, Europa"},"content":{"rendered":"<p>Con una visita de campo al Norte del departamento del Cauca, la Facultad de Ciencias Sociales y Econ\u00f3micas de la Universidad del Valle finaliz\u00f3 la \u2018Escuela de Estudios Avanzados \u2013 Di\u00e1logos \u00c9tnico.Raciales: \u00c1frica, Am\u00e9rica, Europa\u2019, que se realiz\u00f3 del 27 de noviembre hasta el 2 de diciembre.<\/p>\n<p>La Escuela fue organizada por el Doctorado y la Maestr\u00eda en Sociolog\u00eda, el grupo de investigaci\u00f3n en \u2018Estudios \u00c9tnico Raciales y del Trabajo en sus diferentes Componentes Sociales\u2019 de la Facultad de Ciencias Sociales y Econ\u00f3micas. El evento cont\u00f3, adem\u00e1s, con el apoyo de la Vicerrector\u00eda de Investigaciones y la Direcci\u00f3n de Relaciones Internacionales de la Universidad del Valle<\/p>\n<p>En el evento de car\u00e1cter internacional se ofrecieron conferencias magistrales, paneles de discusi\u00f3n, salidas de campo y mesas tem\u00e1ticas, y se convocaron importantes investigadores provenientes de Angola, Zimbabue, Alemania, Francia, Estados Unidos y Brasil, entre otros.<\/p>\n<p>El evento inici\u00f3 con la conferencia magistral de Mara Loveman de la Universidad de California titulada \u201cWho Counts? Diversity, Development, and the Politics of the Census in 21st-Century Latin America\u201d. y finaliz\u00f3 con la salida de campo al Norte del Cauca, territorio de gran valor para el estudio de temas \u00e9tnico-raciales \u2013 en el suroccidente colombiano.<\/p>\n<p>Fuente: <a href=\"http:\/\/www.univalle.edu.co\/lo-que-pasa-en-la-u\/estudios-avanzados\/#\">Agencia de Noticias Univalle<\/a><\/p>\n","protected":false},"excerpt":{"rendered":"<p>Con una visita de campo al Norte del departamento del Cauca, la Facultad de Ciencias Sociales y Econ\u00f3micas de la Universidad del Valle finaliz\u00f3 la \u2018Escuela de Estudios Avanzados \u2013 Di\u00e1logos \u00c9tnico.Raciales: \u00c1frica, Am\u00e9rica, Europa\u2019, que se realiz\u00f3 del 27 de noviembre hasta el 2 de diciembre. La Escuela fue[&#8230;]<\/p>\n","protected":false},"author":1,"featured_media":19559,"comment_status":"open","ping_status":"open","sticky":false,"template":"","format":"standard","meta":{"footnotes":""},"categories":[4],"tags":[],"_links":{"self":[{"href":"https:\/\/emisora.univalle.edu.co\/index.php\/wp-json\/wp\/v2\/posts\/19553"}],"collection":[{"href":"https:\/\/emisora.univalle.edu.co\/index.php\/wp-json\/wp\/v2\/posts"}],"about":[{"href":"https:\/\/emisora.univalle.edu.co\/index.php\/wp-json\/wp\/v2\/types\/post"}],"author":[{"embeddable":true,"href":"https:\/\/emisora.univalle.edu.co\/index.php\/wp-json\/wp\/v2\/users\/1"}],"replies":[{"embeddable":true,"href":"https:\/\/emisora.univalle.edu.co\/index.php\/wp-json\/wp\/v2\/comments?post=19553"}],"version-history":[{"count":1,"href":"https:\/\/emisora.univalle.edu.co\/index.php\/wp-json\/wp\/v2\/posts\/19553\/revisions"}],"predecessor-version":[{"id":19555,"href":"https:\/\/emisora.univalle.edu.co\/index.php\/wp-json\/wp\/v2\/posts\/19553\/revisions\/19555"}],"wp:featuredmedia":[{"embeddable":true,"href":"https:\/\/emisora.univalle.edu.co\/index.php\/wp-json\/wp\/v2\/media\/19559"}],"wp:attachment":[{"href":"https:\/\/emisora.univalle.edu.co\/index.php\/wp-json\/wp\/v2\/media?parent=19553"}],"wp:term":[{"taxonomy":"category","embeddable":true,"href":"https:\/\/emisora.univalle.edu.co\/index.php\/wp-json\/wp\/v2\/categories?post=19553"},{"taxonomy":"post_tag","embeddable":true,"href":"https:\/\/emisora.univalle.edu.co\/index.php\/wp-json\/wp\/v2\/tags?post=19553"}],"curies":[{"name":"wp","href":"https:\/\/api.w.org\/{rel}","templated":true}]}}