{"id":19557,"date":"2017-12-05T11:00:51","date_gmt":"2017-12-05T16:00:51","guid":{"rendered":"https:\/\/emisora.univalle.edu.co\/?p=19557"},"modified":"2017-12-11T13:59:12","modified_gmt":"2017-12-11T18:59:12","slug":"llego-la-hora-de-usar-la-energia-solar","status":"publish","type":"post","link":"https:\/\/emisora.univalle.edu.co\/index.php\/llego-la-hora-de-usar-la-energia-solar\/","title":{"rendered":"Lleg\u00f3 la hora de usar la energ\u00eda solar"},"content":{"rendered":"<p>Debido al incremento de la poblaci\u00f3n mundial algunos sistemas de generaci\u00f3n de energ\u00eda como el petr\u00f3leo y las hidroel\u00e9ctricas han comenzado afectarse y en alg\u00fan lapso de tiempo podr\u00edan entrar en crisis.<\/p>\n<p>La energ\u00eda solar es un sistema de generaci\u00f3n limpio, renovable e inagotable por lo que es visto como una excelente opci\u00f3n para trabajar y desarrollar en el mundo.<\/p>\n<p>Estas son algunas de las declaraciones de Jos\u00e9 Dario Perea Ospina, estudiante de doctorado de la Friederich-Alexander University de Alemania y conferencista del Next Generation Solar Energy \u2013NGSE2017, que se realiza en el Campus de Mel\u00e9ndez de la Universidad del Valle del 4 al 7 de diciembre de 2017.<\/p>\n<p>En una entrevista con la Agencia de Noticias Univalle, Perea Ospina explic\u00f3 que la idea del Congreso es la de traer a los m\u00e1s notables expertos del mundo en energ\u00eda solar con el apoyo de la Universidad Friederich-Alexander, el centro Bavarian Centre for Applied Energy Research (ZAE-Bayern) y el Institute Materials for Electronics and Energy Tecnology (i-MEET) de Alemania que en uni\u00f3n con el Centro de Excelencia de Nuevos Materiales -CENM de la Universidad del Valle organizan este evento en Cali.<\/p>\n<p>Aclar\u00f3 que en tres oportunidades se ha realizado el congreso en Alemania y gracias al convenio entre las instituciones alemanas y el CENM se realiza por primera vez fuera de Europa.<\/p>\n<p>Durante la entrevista Jos\u00e9 Dario Perea Ospina explic\u00f3 que el Congreso le abre nuevas oportunidades a los investigadores colombianos para realizar doctorados en Alemania y otros pa\u00edses de mayor desarrollo, as\u00ed como tambi\u00e9n a las empresas para crear oportunidades en la producci\u00f3n de paneles solares org\u00e1nicos.<\/p>\n<p>Mientras que algunos pa\u00edses como Alemania reciben menores cantidades de sol al a\u00f1o y la utilizan para el alumbrado p\u00fablico, en Colombia que tiene grandes radiaciones solares se desaprovecha este recurso que podr\u00eda ser de gran utilidad y no es contaminante, explic\u00f3 el estudiante de doctorado y agreg\u00f3 que \u00abla producci\u00f3n de paneles solares org\u00e1nicos son mucho m\u00e1s baratos, flexibles, semitransparentes y se hacen con un sistema similar al revelado de las fotograf\u00eda de hace algunos a\u00f1os, mientras que los inorg\u00e1nicos, con base en silicio son m\u00e1s costosos y requieren de equipos altamente sofisticados\u00bb.<\/p>\n<p>Si el Estado Colombiano apoya estas iniciativas las empresas y los investigadores pueden iniciar un campo que tendr\u00eda un gran beneficio para el pa\u00eds, puntualiz\u00f3 Jos\u00e9 Dar\u00edo Perea.<\/p>\n<p>Brasil y M\u00e9xico son los pa\u00edses latinoamericanos que han iniciado trabajos de investigaci\u00f3n y producci\u00f3n en energ\u00eda solar, pero otros pa\u00edses como Arabia que es gran productor de petr\u00f3leo ha obtenido ayuda de los alemanes para iniciar el proceso transferencia de tecnolog\u00eda y formaci\u00f3n de talento humano par producir energ\u00eda solar, lo que nos muestra la importancia de este sistema a\u00fan para pa\u00edses petroleros, explic\u00f3 el conferencista.<\/p>\n<p>Jos\u00e9 Dar\u00edo Perea es f\u00edsico y mag\u00edster en f\u00edsica de la Universidad del Valle y actualmente adelanta estudios de doctorado en f\u00edsica en la Universidad Friederich-Alexander es investigador en el Bavarian Centre for Applied Energy Research (ZAE-Bayern) bajo la tutor\u00eda del profesor Christoph C. J. Brabec, considerado uno de los cient\u00edficos de mayor reconocimiento en el \u00e1rea de la energ\u00eda solar.<\/p>\n<p>Fuente: <a href=\"http:\/\/www.univalle.edu.co\/ciencia-y-tecnologia\/hora-energia-solar\/#\">Agencia de Noticias Univalle<\/a><\/p>\n","protected":false},"excerpt":{"rendered":"<p>Debido al incremento de la poblaci\u00f3n mundial algunos sistemas de generaci\u00f3n de energ\u00eda como el petr\u00f3leo y las hidroel\u00e9ctricas han comenzado afectarse y en alg\u00fan lapso de tiempo podr\u00edan entrar en crisis. La energ\u00eda solar es un sistema de generaci\u00f3n limpio, renovable e inagotable por lo que es visto como[&#8230;]<\/p>\n","protected":false},"author":1,"featured_media":19549,"comment_status":"open","ping_status":"open","sticky":false,"template":"","format":"standard","meta":{"footnotes":""},"categories":[4],"tags":[],"_links":{"self":[{"href":"https:\/\/emisora.univalle.edu.co\/index.php\/wp-json\/wp\/v2\/posts\/19557"}],"collection":[{"href":"https:\/\/emisora.univalle.edu.co\/index.php\/wp-json\/wp\/v2\/posts"}],"about":[{"href":"https:\/\/emisora.univalle.edu.co\/index.php\/wp-json\/wp\/v2\/types\/post"}],"author":[{"embeddable":true,"href":"https:\/\/emisora.univalle.edu.co\/index.php\/wp-json\/wp\/v2\/users\/1"}],"replies":[{"embeddable":true,"href":"https:\/\/emisora.univalle.edu.co\/index.php\/wp-json\/wp\/v2\/comments?post=19557"}],"version-history":[{"count":1,"href":"https:\/\/emisora.univalle.edu.co\/index.php\/wp-json\/wp\/v2\/posts\/19557\/revisions"}],"predecessor-version":[{"id":19558,"href":"https:\/\/emisora.univalle.edu.co\/index.php\/wp-json\/wp\/v2\/posts\/19557\/revisions\/19558"}],"wp:featuredmedia":[{"embeddable":true,"href":"https:\/\/emisora.univalle.edu.co\/index.php\/wp-json\/wp\/v2\/media\/19549"}],"wp:attachment":[{"href":"https:\/\/emisora.univalle.edu.co\/index.php\/wp-json\/wp\/v2\/media?parent=19557"}],"wp:term":[{"taxonomy":"category","embeddable":true,"href":"https:\/\/emisora.univalle.edu.co\/index.php\/wp-json\/wp\/v2\/categories?post=19557"},{"taxonomy":"post_tag","embeddable":true,"href":"https:\/\/emisora.univalle.edu.co\/index.php\/wp-json\/wp\/v2\/tags?post=19557"}],"curies":[{"name":"wp","href":"https:\/\/api.w.org\/{rel}","templated":true}]}}