{"id":19579,"date":"2017-12-07T10:10:25","date_gmt":"2017-12-07T15:10:25","guid":{"rendered":"https:\/\/emisora.univalle.edu.co\/?p=19579"},"modified":"2018-01-15T11:25:39","modified_gmt":"2018-01-15T16:25:39","slug":"inicio-proceso-de-diseno-del-doctorado-en-gobierno","status":"publish","type":"post","link":"https:\/\/emisora.univalle.edu.co\/index.php\/inicio-proceso-de-diseno-del-doctorado-en-gobierno\/","title":{"rendered":"Inici\u00f3 proceso de dise\u00f1o del Doctorado en Gobierno"},"content":{"rendered":"<p>Aspiramos a construir un doctorado en gobierno con perspectiva internacional que cuente con el aporte de los grupos de trabajo de la Universidad Complutense encabezados por el profesor Roiz, expertos de la Universidad de Bolo\u00f1a y tambi\u00e9n con el apoyo del Centro de Investigaci\u00f3n y Docencia Econ\u00f3micas \u2013CIDE- de M\u00e9xico, uno de los m\u00e1s reconocidos think thank de ese pa\u00eds en el campo de las pol\u00edticas p\u00fablicas\u201d expres\u00f3 el rector Edgar Varela Barrios durante la conferencia \u201cSociedad vigilante en el siglo XXI\u201d celebrada como parte del proceso de dise\u00f1o de un nuevo doctorado en gobierno.<\/p>\n<p>El directivo record\u00f3 que el CIDE tiene una experiencia magn\u00edfica en un laboratorio de pol\u00edticas p\u00fablicas que comprende una estructura de an\u00e1lisis con tecnolog\u00eda de frontera, digital, que estudia los procesos de toma de decisiones y combina m\u00e9todos cuantitativos y etnogr\u00e1ficos que pueden ser incorporados en la universidad y articulados a un programa de formaci\u00f3n avanzada.<\/p>\n<p><a href=\"https:\/\/emisora.univalle.edu.co\/inicio-proceso-de-diseno-del-doctorado-en-gobierno\/doctorado-en-gobierno\/\" rel=\"attachment wp-att-19580\"><img loading=\"lazy\" decoding=\"async\" class=\"alignleft size-full wp-image-19580\" src=\"https:\/\/emisora.univalle.edu.co\/wp-content\/uploads\/2017\/12\/doctorado-en-gobierno.jpg\" alt=\"\" width=\"447\" height=\"288\" srcset=\"https:\/\/emisora.univalle.edu.co\/wp-content\/uploads\/2017\/12\/doctorado-en-gobierno.jpg 447w, https:\/\/emisora.univalle.edu.co\/wp-content\/uploads\/2017\/12\/doctorado-en-gobierno-300x193.jpg 300w\" sizes=\"(max-width: 447px) 100vw, 447px\" \/><\/a>\u201cPensamos en un doctorado donde se rompa la frontera entre la academia y la pr\u00e1ctica. Un doctorado que no est\u00e9 hecho solo para formar profesores universitarios sino para gente que dirija las instituciones y organizaciones: funcionarios p\u00fablicos, empresarios, pol\u00edticos y dirigentes de todo orden que tengan que ver con lo p\u00fablico\u201d se\u00f1al\u00f3.<\/p>\n<p>Seg\u00fan el rector Varela Colombia necesitar invertir en otros esquemas de formaci\u00f3n: \u201cen el mundo entero los doctorados son para formar dirigentes sociales. Gente con capacidad de an\u00e1lisis, mentalidad cr\u00edtica y fundamentos epistemol\u00f3gicos y con conocimiento experto, que interact\u00faa con la sociedad\u201d.<\/p>\n<p>Dijo que adem\u00e1s las universidades est\u00e1n dejando de ser lugares que solo se dedican a formar y a titular. Con los procesos de acreditaci\u00f3n de los t\u00edtulos, cada vez m\u00e1s ir\u00e1n perdiendo el monopolio en este campo. \u201cTenemos que generar think thanks como el que hay en Brasil constituido por la Fundaci\u00f3n Getulio Vargas \u2013FGV-. Ellos se enorgullecen de no ser universidad y compiten por ser el mejor think thank de los temas de ciencia pol\u00edtica y pol\u00edticas p\u00fablicas en ese pa\u00eds\u201d.<\/p>\n<p>Record\u00f3 que \u00e1reas como la de Administraci\u00f3n, la Maestr\u00eda en Pol\u00edticas P\u00fablicas, y lo que ser\u00e1n en el futuro el doctorado en gobierno y una nueva maestr\u00eda profesional en administraci\u00f3n p\u00fablica se articular\u00e1 toda una estructura con capacidad, desde la Universidad del Valle, para formar l\u00edderes p\u00fablicos que analicen los problemas de lo p\u00fablico y tengan la capacidad de intervenir e impactar positivamente en la soluci\u00f3n de problemas.<\/p>\n<p>\u201cEn este esfuerzo colaborativo que tiene como marco los temas y urgencias pr\u00e1cticas de la actualidad, de estas demandas sociales, as\u00ed como desde la necesidad de pensar y repensar lo p\u00fablico y romper con paradigmas, nos parece muy importante la visita del profesor Javier Roiz\u201d.<\/p>\n<p>Al leer su libro recientemente publicado y escucharle, aprecio la forma en que su equipo acad\u00e9mico mira lo p\u00fablico, es muy refrescante. Su enfoque, profesor Roiz, rompe paradigmas y cuestiona anacronismos que terminan siendo esquemas positivistas con los cuales tratamos muchas veces de trasvasar an\u00e1lisis de otros mundos y de otras realidades a nuestra propia realidad latinoamericana.<\/p>\n<p>El rector Edgar Varela precis\u00f3 que las formas de hacer pol\u00edtica en Latinoam\u00e9rica nada tienen que ver, por ejemplo, con las maneras parlamentarias europeas. \u201cMuy poco se parecen en sus l\u00f3gicas y actuaciones, a los parlamentos nuestros. Esta diferencia no se sustenta en que ac\u00e1 se hagan mal las cosas, no constituye una patolog\u00eda, somos diferentes. Comprender estas diferencias, entender lo bueno y lo malo de las diferencias en an\u00e1lisis comparativos no solamente en el espacio sino tambi\u00e9n en el tiempo, como lo plantea en su teor\u00eda el profesor Roiz, es algo que considero un aspecto fundamental de colaboraci\u00f3n creativa en la apuesta de crear un doctorado que adem\u00e1s en Colombia no existe\u201d.<\/p>\n<p>No hay un solo doctorado en gobierno y en administraci\u00f3n p\u00fablica. Los hay en estudios pol\u00edticos y relaciones internacionales y en l\u00edneas de administraci\u00f3n. Pero el campo propio de lo p\u00fablico con investigaci\u00f3n de frontera y an\u00e1lisis de frontera, que dialoguen con las corrientes m\u00e1s creativas y renovadoras en el mundo contempor\u00e1neo en materia acad\u00e9mica, son las cosas que queremos hacer y agradezco por ello la presencia en nuestro pa\u00eds del profesor Javier Roiz y la colaboraci\u00f3n del profesor Pedro Medell\u00edn en este prop\u00f3sito. S\u00e9 que su presencia y sus intervenciones enriquecer\u00e1n la colaboraci\u00f3n entre la Universidad del Valle y la Universidad Complutense de Espa\u00f1a.<\/p>\n<p>Fuente: <a href=\"http:\/\/www.univalle.edu.co\/lo-que-pasa-en-la-u\/doctorado-gobierno\/#\">Agencia de Noticias Univalle<\/a><\/p>\n","protected":false},"excerpt":{"rendered":"<p>Aspiramos a construir un doctorado en gobierno con perspectiva internacional que cuente con el aporte de los grupos de trabajo de la Universidad Complutense encabezados por el profesor Roiz, expertos de la Universidad de Bolo\u00f1a y tambi\u00e9n con el apoyo del Centro de Investigaci\u00f3n y Docencia Econ\u00f3micas \u2013CIDE- de M\u00e9xico,[&#8230;]<\/p>\n","protected":false},"author":1,"featured_media":19580,"comment_status":"open","ping_status":"open","sticky":false,"template":"","format":"standard","meta":{"footnotes":""},"categories":[4],"tags":[],"_links":{"self":[{"href":"https:\/\/emisora.univalle.edu.co\/index.php\/wp-json\/wp\/v2\/posts\/19579"}],"collection":[{"href":"https:\/\/emisora.univalle.edu.co\/index.php\/wp-json\/wp\/v2\/posts"}],"about":[{"href":"https:\/\/emisora.univalle.edu.co\/index.php\/wp-json\/wp\/v2\/types\/post"}],"author":[{"embeddable":true,"href":"https:\/\/emisora.univalle.edu.co\/index.php\/wp-json\/wp\/v2\/users\/1"}],"replies":[{"embeddable":true,"href":"https:\/\/emisora.univalle.edu.co\/index.php\/wp-json\/wp\/v2\/comments?post=19579"}],"version-history":[{"count":3,"href":"https:\/\/emisora.univalle.edu.co\/index.php\/wp-json\/wp\/v2\/posts\/19579\/revisions"}],"predecessor-version":[{"id":19589,"href":"https:\/\/emisora.univalle.edu.co\/index.php\/wp-json\/wp\/v2\/posts\/19579\/revisions\/19589"}],"wp:featuredmedia":[{"embeddable":true,"href":"https:\/\/emisora.univalle.edu.co\/index.php\/wp-json\/wp\/v2\/media\/19580"}],"wp:attachment":[{"href":"https:\/\/emisora.univalle.edu.co\/index.php\/wp-json\/wp\/v2\/media?parent=19579"}],"wp:term":[{"taxonomy":"category","embeddable":true,"href":"https:\/\/emisora.univalle.edu.co\/index.php\/wp-json\/wp\/v2\/categories?post=19579"},{"taxonomy":"post_tag","embeddable":true,"href":"https:\/\/emisora.univalle.edu.co\/index.php\/wp-json\/wp\/v2\/tags?post=19579"}],"curies":[{"name":"wp","href":"https:\/\/api.w.org\/{rel}","templated":true}]}}