{"id":19584,"date":"2017-12-07T14:46:33","date_gmt":"2017-12-07T19:46:33","guid":{"rendered":"https:\/\/emisora.univalle.edu.co\/?p=19584"},"modified":"2017-12-11T13:58:51","modified_gmt":"2017-12-11T18:58:51","slug":"gestores-ambientales-encienden-la-luz-de-la-paz-este-7-de-diciembre","status":"publish","type":"post","link":"https:\/\/emisora.univalle.edu.co\/index.php\/gestores-ambientales-encienden-la-luz-de-la-paz-este-7-de-diciembre\/","title":{"rendered":"Gestores Ambientales encienden la Luz de la Paz, este 7 de diciembre"},"content":{"rendered":"<p>El alumbrado de Cali se inaugura con la luz de los Gestores Ambientales para la Paz.<\/p>\n<p><a href=\"https:\/\/emisora.univalle.edu.co\/inicio-proceso-de-diseno-del-doctorado-en-gobierno\/gestores-ambientales\/\" rel=\"attachment wp-att-19581\"><img loading=\"lazy\" decoding=\"async\" class=\"size-full wp-image-19581 alignright\" src=\"https:\/\/emisora.univalle.edu.co\/wp-content\/uploads\/2017\/12\/gestores-ambientales.jpg\" alt=\"\" width=\"400\" height=\"300\" srcset=\"https:\/\/emisora.univalle.edu.co\/wp-content\/uploads\/2017\/12\/gestores-ambientales.jpg 400w, https:\/\/emisora.univalle.edu.co\/wp-content\/uploads\/2017\/12\/gestores-ambientales-300x225.jpg 300w\" sizes=\"(max-width: 400px) 100vw, 400px\" \/><\/a>M\u00e1s de 1.000 gestores ambientales se toman la ciudad este 7 de diciembre. En un evento de reconciliaci\u00f3n programado por la Alcald\u00eda de Santiago de Cali en las 22 comunas de la ciudad, una actividad que genera retos con el medio ambiente y acuerdos para una mejor convivencia. La estrategia Gesti\u00f3n Ambiental para la Paz es una iniciativa liderada por la la administraci\u00f3n municipal a trav\u00e9s del Dagma que cuenta con el apoyo de la Universidad del Valle como operador.<\/p>\n<p>La actividad busca, principalmente, sensibilizar a la comunidad cale\u00f1a para que sea m\u00e1s amigable con el entorno natural y aporte al mejoramiento de la calidad ambiental de la ciudad, a trav\u00e9s de una apuesta de convivencia ciudadana que permita la disminuci\u00f3n de los conflictos ambientales. Problem\u00e1ticas como el control del caracol africano, la hormiga arriera, la vigilancia y control a generadores de residuos s\u00f3lidos, la prevenci\u00f3n de riesgos en los r\u00edos, el mantenimiento arb\u00f3reo, la conservaci\u00f3n de ecoparques y la sensibilizaci\u00f3n a la comunidad sobre el C\u00f3digo de Polic\u00eda, son algunas de las apuestas que la Alcald\u00eda quiere trabajar en las comunas con el apoyo de los Gestores Ambientales para la Paz.<\/p>\n<p>La directora del Dagma, Claudia Mar\u00eda Buitrago Restrepo, explic\u00f3 que \u201ccon este tipo de proyectos la Alcald\u00eda de Santiago de Cali le apuesta a iniciativa sostenibles que en un s\u00f3lo proyecto unen lo ambiental, lo social, las oportunidades laborales y la formaci\u00f3n acad\u00e9mica, a trav\u00e9s de la vinculaci\u00f3n de poblaci\u00f3n vulnerable en procesos de transformaci\u00f3n de vida que forme mejores ciudadanos.\u201d \u201cEste proyecto es un modelo de sostenibilidad que busca la reconciliaci\u00f3n y la reintegraci\u00f3n de una poblaci\u00f3n en condiciones de vulnerabilidad y, al mismo tiempo, busca conservar y proteger el medio ambiente y mitigar algunos de los problemas ambientales urbanos que afectan a la ciudad de Santiago de Cali.<\/p>\n<p>Es un modelo de eficiencia en la inversi\u00f3n de los recursos p\u00fablicos para lograr varias metas conjuntas tanto ambientales como sociales.\u201d, expres\u00f3 Juan Camilo Vallejo, Subdirector de Gesti\u00f3n Integral de Ecosistemas y Umata del Dagma. Con esta consigna la Alcald\u00eda realizar\u00e1 eventos en las 22 Comunas, en compa\u00f1\u00eda de los gestores ambientales para la paz, el principal evento se llevar\u00e1 a cabo el 7 de diciembre en el Boulevard del r\u00edo, a las 6 p.m., en el marco de la Inauguraci\u00f3n del Alumbrado Navide\u00f1o, donde los mil gestores tendr\u00e1n una jornada especial de reconciliaci\u00f3n con la ciudad encendiendo la luz de la paz y la reconciliaci\u00f3n, en compa\u00f1\u00eda del primer mandatario de los cale\u00f1os Maurice Armitage Cadavid.<\/p>\n<p>La autoridad ambiental de Cali invita a los medios de comunicaci\u00f3n de la ciudad y a la ciudadan\u00eda cale\u00f1a para que acompa\u00f1en masivamente a este evento de reconciliaci\u00f3n que ofrece la administraci\u00f3n municipal para una Cali en paz y en armon\u00eda con la naturaleza. Cali Progresa Contigo, Cali Progresa con Amor y Paz.<\/p>\n<p>Fuente: <a href=\"http:\/\/www.univalle.edu.co\/medio-ambiente\/gestores-ambientales\/#\">Agencia de Noticias Univalle<\/a><\/p>\n","protected":false},"excerpt":{"rendered":"<p>El alumbrado de Cali se inaugura con la luz de los Gestores Ambientales para la Paz. M\u00e1s de 1.000 gestores ambientales se toman la ciudad este 7 de diciembre. En un evento de reconciliaci\u00f3n programado por la Alcald\u00eda de Santiago de Cali en las 22 comunas de la ciudad, una[&#8230;]<\/p>\n","protected":false},"author":1,"featured_media":19582,"comment_status":"open","ping_status":"open","sticky":false,"template":"","format":"standard","meta":{"footnotes":""},"categories":[4],"tags":[],"_links":{"self":[{"href":"https:\/\/emisora.univalle.edu.co\/index.php\/wp-json\/wp\/v2\/posts\/19584"}],"collection":[{"href":"https:\/\/emisora.univalle.edu.co\/index.php\/wp-json\/wp\/v2\/posts"}],"about":[{"href":"https:\/\/emisora.univalle.edu.co\/index.php\/wp-json\/wp\/v2\/types\/post"}],"author":[{"embeddable":true,"href":"https:\/\/emisora.univalle.edu.co\/index.php\/wp-json\/wp\/v2\/users\/1"}],"replies":[{"embeddable":true,"href":"https:\/\/emisora.univalle.edu.co\/index.php\/wp-json\/wp\/v2\/comments?post=19584"}],"version-history":[{"count":3,"href":"https:\/\/emisora.univalle.edu.co\/index.php\/wp-json\/wp\/v2\/posts\/19584\/revisions"}],"predecessor-version":[{"id":19586,"href":"https:\/\/emisora.univalle.edu.co\/index.php\/wp-json\/wp\/v2\/posts\/19584\/revisions\/19586"}],"wp:featuredmedia":[{"embeddable":true,"href":"https:\/\/emisora.univalle.edu.co\/index.php\/wp-json\/wp\/v2\/media\/19582"}],"wp:attachment":[{"href":"https:\/\/emisora.univalle.edu.co\/index.php\/wp-json\/wp\/v2\/media?parent=19584"}],"wp:term":[{"taxonomy":"category","embeddable":true,"href":"https:\/\/emisora.univalle.edu.co\/index.php\/wp-json\/wp\/v2\/categories?post=19584"},{"taxonomy":"post_tag","embeddable":true,"href":"https:\/\/emisora.univalle.edu.co\/index.php\/wp-json\/wp\/v2\/tags?post=19584"}],"curies":[{"name":"wp","href":"https:\/\/api.w.org\/{rel}","templated":true}]}}