{"id":19595,"date":"2017-12-07T15:50:45","date_gmt":"2017-12-07T20:50:45","guid":{"rendered":"https:\/\/emisora.univalle.edu.co\/?p=19595"},"modified":"2018-01-15T11:25:18","modified_gmt":"2018-01-15T16:25:18","slug":"inscripciones-abiertas-para-los-cursos-de-extension-de-la-escuela-de-musica","status":"publish","type":"post","link":"https:\/\/emisora.univalle.edu.co\/index.php\/inscripciones-abiertas-para-los-cursos-de-extension-de-la-escuela-de-musica\/","title":{"rendered":"Inscripciones abiertas para los cursos de extensi\u00f3n de la Escuela de M\u00fasica"},"content":{"rendered":"<p>Hasta el 15 de diciembre estar\u00e1n abiertas las inscripciones de los cursos de extensi\u00f3n de la Escuela de M\u00fasica de la Facultad de Artes Integradas, para el semestre Febrero \u2013junio de 2018: Estos programas est\u00e1n dirigidos a ni\u00f1os, j\u00f3venes y adultos que deseen desarrollar sus capacidades musicales.<\/p>\n<p>\u200bEn el programa Infantil I (de 7 a 9 a\u00f1os) y en el programa Infantil II (de 10 a 12 a\u00f1os), los ni\u00f1os tendr\u00e1n la oportunidad de trabajar sobre el sonido y la escucha, el ritmo, placas y el cuerpo, la voz y el movimiento y el circuito instrumental.<\/p>\n<p>El programa Juvenil (de 13 a 15 a\u00f1os) tiene como objetivo afianzar en el estudiante su desarrollo auditivo, adem\u00e1s de incursionar en coro formativo e instrumento.<\/p>\n<p>Tambi\u00e9n, la Escuela de m\u00fasica ofrece su curso Pre- b\u00e1sico, dirigido a J\u00f3venes de 16 a\u00f1os en adelante, interesados en fortalecer procesos previos de formaci\u00f3n musical o profundizar los contenidos propios de la m\u00fasica, de manera sistematizada, a trav\u00e9s de pr\u00e1cticas individuales y colectivas.<\/p>\n<p>Adem\u00e1s, ofrecen talleres complementarios dirigidos a j\u00f3venes o adultos que quieran aprender m\u00fasica, pero no ser profesionales.<\/p>\n<p>\u200bTransversal a estos cursos de extensi\u00f3n, la Escuela de M\u00fasica ofrece su Plan Pentagrama, el cual cuenta con cuatro pilares fundamentales que son, el desarrollo auditivo, la pr\u00e1ctica coral, la clase de instrumento individual y el ensamble instrumental y\/o vocal. Para vincularse, los interesados deben realizar un examen que permite evaluar el nivel de su musicalidad en el momento de aspirar al plan. Algunos de los instrumentos que el plan ofrece son: Flauta, clarinete, saxof\u00f3n, viola, violonchelo, contrabajo, viol\u00edn, guitarra y piano, entre otros.<\/p>\n<p>Las inscripciones ser\u00e1n v\u00eda web a trav\u00e9s del siguiente link: https:\/\/goo.gl\/forms\/7lz g1bBxZiN3mm6R2<\/p>\n<p>Las matr\u00edculas acad\u00e9micas y recepci\u00f3n de documentos se llevar\u00e1n a cabo de forma presencial del 24 de enero al 02 de febrero.<\/p>\n<p><strong>Para m\u00e1s informaci\u00f3n sobre matr\u00edculas y costos:<\/strong><\/p>\n<p>Correo: <a href=\"mailto:fai.pentagrama@correounivalle.edu.co\">fai.pentagrama@correounivalle.edu.co<\/a><\/p>\n<p>Direcci\u00f3n: Calle 13 # 100-00 Campus Mel\u00e9ndez, Edificio Tulio Ram\u00edrez &#8211; Oficina 20-06<\/p>\n<p>Horario de Atenci\u00f3n: lunes a viernes de 3:00 p.m. a 7:00 p.m.<\/p>\n<p>Tel\u00e9fono: 321 2271<\/p>\n<p><a href=\"https:\/\/emisora.univalle.edu.co\/muestra-final-de-los-talleres-de-teatro-para-ninos-y-jovenes-de-univalle\/taller-de-musica1\/\" rel=\"attachment wp-att-19593\"><img loading=\"lazy\" decoding=\"async\" class=\"size-full wp-image-19593 aligncenter\" src=\"https:\/\/emisora.univalle.edu.co\/wp-content\/uploads\/2017\/12\/taller-de-musica1.jpg\" alt=\"\" width=\"908\" height=\"605\" srcset=\"https:\/\/emisora.univalle.edu.co\/wp-content\/uploads\/2017\/12\/taller-de-musica1.jpg 908w, https:\/\/emisora.univalle.edu.co\/wp-content\/uploads\/2017\/12\/taller-de-musica1-300x200.jpg 300w, https:\/\/emisora.univalle.edu.co\/wp-content\/uploads\/2017\/12\/taller-de-musica1-768x512.jpg 768w, https:\/\/emisora.univalle.edu.co\/wp-content\/uploads\/2017\/12\/taller-de-musica1-560x373.jpg 560w\" sizes=\"(max-width: 908px) 100vw, 908px\" \/><\/a><\/p>\n<p>Fuente: Oficina de Extensi\u00f3n Facultad de Artes Integradas <a href=\"mailto:fai.extension@correounivalle.edu.co\">fai.extension@correounivalle.edu.co<\/a><\/p>\n","protected":false},"excerpt":{"rendered":"<p>Hasta el 15 de diciembre estar\u00e1n abiertas las inscripciones de los cursos de extensi\u00f3n de la Escuela de M\u00fasica de la Facultad de Artes Integradas, para el semestre Febrero \u2013junio de 2018: Estos programas est\u00e1n dirigidos a ni\u00f1os, j\u00f3venes y adultos que deseen desarrollar sus capacidades musicales. \u200bEn el programa[&#8230;]<\/p>\n","protected":false},"author":1,"featured_media":19592,"comment_status":"open","ping_status":"open","sticky":false,"template":"","format":"standard","meta":{"footnotes":""},"categories":[4],"tags":[],"_links":{"self":[{"href":"https:\/\/emisora.univalle.edu.co\/index.php\/wp-json\/wp\/v2\/posts\/19595"}],"collection":[{"href":"https:\/\/emisora.univalle.edu.co\/index.php\/wp-json\/wp\/v2\/posts"}],"about":[{"href":"https:\/\/emisora.univalle.edu.co\/index.php\/wp-json\/wp\/v2\/types\/post"}],"author":[{"embeddable":true,"href":"https:\/\/emisora.univalle.edu.co\/index.php\/wp-json\/wp\/v2\/users\/1"}],"replies":[{"embeddable":true,"href":"https:\/\/emisora.univalle.edu.co\/index.php\/wp-json\/wp\/v2\/comments?post=19595"}],"version-history":[{"count":1,"href":"https:\/\/emisora.univalle.edu.co\/index.php\/wp-json\/wp\/v2\/posts\/19595\/revisions"}],"predecessor-version":[{"id":19596,"href":"https:\/\/emisora.univalle.edu.co\/index.php\/wp-json\/wp\/v2\/posts\/19595\/revisions\/19596"}],"wp:featuredmedia":[{"embeddable":true,"href":"https:\/\/emisora.univalle.edu.co\/index.php\/wp-json\/wp\/v2\/media\/19592"}],"wp:attachment":[{"href":"https:\/\/emisora.univalle.edu.co\/index.php\/wp-json\/wp\/v2\/media?parent=19595"}],"wp:term":[{"taxonomy":"category","embeddable":true,"href":"https:\/\/emisora.univalle.edu.co\/index.php\/wp-json\/wp\/v2\/categories?post=19595"},{"taxonomy":"post_tag","embeddable":true,"href":"https:\/\/emisora.univalle.edu.co\/index.php\/wp-json\/wp\/v2\/tags?post=19595"}],"curies":[{"name":"wp","href":"https:\/\/api.w.org\/{rel}","templated":true}]}}