{"id":19610,"date":"2017-12-11T14:09:24","date_gmt":"2017-12-11T19:09:24","guid":{"rendered":"https:\/\/emisora.univalle.edu.co\/?p=19610"},"modified":"2018-01-15T11:23:43","modified_gmt":"2018-01-15T16:23:43","slug":"festival-universitario-de-las-artes-y-la-cultura","status":"publish","type":"post","link":"https:\/\/emisora.univalle.edu.co\/index.php\/festival-universitario-de-las-artes-y-la-cultura\/","title":{"rendered":"Festival Universitario de las Artes y la Cultura"},"content":{"rendered":"<p><a href=\"https:\/\/emisora.univalle.edu.co\/festival-universitario-de-las-artes-y-la-cultura\/festival-arte-cultura\/\" rel=\"attachment wp-att-19612\"><img loading=\"lazy\" decoding=\"async\" class=\"size-full wp-image-19612 alignright\" src=\"https:\/\/emisora.univalle.edu.co\/wp-content\/uploads\/2017\/12\/festival-arte-cultura.jpg\" alt=\"\" width=\"400\" height=\"618\" srcset=\"https:\/\/emisora.univalle.edu.co\/wp-content\/uploads\/2017\/12\/festival-arte-cultura.jpg 400w, https:\/\/emisora.univalle.edu.co\/wp-content\/uploads\/2017\/12\/festival-arte-cultura-194x300.jpg 194w\" sizes=\"(max-width: 400px) 100vw, 400px\" \/><\/a>II Festival Universitario de Orquestas de Salsa<\/p>\n<p>Proyecto \u201cDise\u00f1o e implementaci\u00f3n de la Pol\u00edtica Cultural de la Universidad del Valle\u201d<\/p>\n<p>La Vicerrector\u00eda de Bienestar Universitario y el Comit\u00e9 de Cultura de la Universidad del Valle invitan a la comunidad universitaria a las actividades de cierre de semestre y fin de a\u00f1o: Festival Universitario de las Artes y la Cultura y II Festival Universitario de Orquestas de Salsa.<\/p>\n<p>Estas actividades ser\u00e1n el 14 de diciembre, entre las 9:00 a.m. y las 10:00 p.m, en la \u201cT\u201d conformada por el pasillo entre el edificio de Administraci\u00f3n Central y la Biblioteca Mario Carvajal y la plazoleta frente a la biblioteca, sede Mel\u00e9ndez.<\/p>\n<p>Estos espacios buscan reunir una amplia muestra de los grupos \u00e9tnicos (afro, ind\u00edgenas), de g\u00e9nero y LGTBI, art\u00edsticos y culturales de la Universidad del Valle, adscritos a la Vicerrector\u00eda de Bienestar Universitario y a las diferentes Facultades e Institutos.<\/p>\n<p>Las actividades programadas son las siguientes:<\/p>\n<ul>\n<li>Festival Universitario de las Artes y la Cultura<\/li>\n<\/ul>\n<p>De 9:00 a.m. a 6:00 p.m. en la tarima ubicada en plazoleta frente a Biblioteca.<\/p>\n<ul>\n<li>Festival de Orquestas: 7:00 p.m. a 10:00 p.m.<\/li>\n<\/ul>\n<p>De 6:00 p.m. a 10:00 p.m. en la tarima ubicada en plazoleta frente a Biblioteca.<\/p>\n<ul>\n<li>Feria empresarial y gastron\u00f3mica:<\/li>\n<\/ul>\n<p>De 9:00 a.m. a 10:00 p.m. en los stand ubicados sobre el pasillo entre Administraci\u00f3n Central hasta la Biblioteca Mario Carvajal.<\/p>\n<p>Toda la comunidad universitaria est\u00e1 invitada a este escenario de sana convivencia, esparcimiento, participaci\u00f3n e integraci\u00f3n universitaria.<\/p>\n<p>Fuente; <a href=\"http:\/\/www.univalle.edu.co\/arte-y-cultura\/festival-universitario-arte-cultura\/#\">Agencia de Noticias Univalle<\/a><\/p>\n","protected":false},"excerpt":{"rendered":"<p>II Festival Universitario de Orquestas de Salsa Proyecto \u201cDise\u00f1o e implementaci\u00f3n de la Pol\u00edtica Cultural de la Universidad del Valle\u201d La Vicerrector\u00eda de Bienestar Universitario y el Comit\u00e9 de Cultura de la Universidad del Valle invitan a la comunidad universitaria a las actividades de cierre de semestre y fin de[&#8230;]<\/p>\n","protected":false},"author":1,"featured_media":19613,"comment_status":"open","ping_status":"open","sticky":false,"template":"","format":"standard","meta":{"footnotes":""},"categories":[4],"tags":[],"_links":{"self":[{"href":"https:\/\/emisora.univalle.edu.co\/index.php\/wp-json\/wp\/v2\/posts\/19610"}],"collection":[{"href":"https:\/\/emisora.univalle.edu.co\/index.php\/wp-json\/wp\/v2\/posts"}],"about":[{"href":"https:\/\/emisora.univalle.edu.co\/index.php\/wp-json\/wp\/v2\/types\/post"}],"author":[{"embeddable":true,"href":"https:\/\/emisora.univalle.edu.co\/index.php\/wp-json\/wp\/v2\/users\/1"}],"replies":[{"embeddable":true,"href":"https:\/\/emisora.univalle.edu.co\/index.php\/wp-json\/wp\/v2\/comments?post=19610"}],"version-history":[{"count":3,"href":"https:\/\/emisora.univalle.edu.co\/index.php\/wp-json\/wp\/v2\/posts\/19610\/revisions"}],"predecessor-version":[{"id":19617,"href":"https:\/\/emisora.univalle.edu.co\/index.php\/wp-json\/wp\/v2\/posts\/19610\/revisions\/19617"}],"wp:featuredmedia":[{"embeddable":true,"href":"https:\/\/emisora.univalle.edu.co\/index.php\/wp-json\/wp\/v2\/media\/19613"}],"wp:attachment":[{"href":"https:\/\/emisora.univalle.edu.co\/index.php\/wp-json\/wp\/v2\/media?parent=19610"}],"wp:term":[{"taxonomy":"category","embeddable":true,"href":"https:\/\/emisora.univalle.edu.co\/index.php\/wp-json\/wp\/v2\/categories?post=19610"},{"taxonomy":"post_tag","embeddable":true,"href":"https:\/\/emisora.univalle.edu.co\/index.php\/wp-json\/wp\/v2\/tags?post=19610"}],"curies":[{"name":"wp","href":"https:\/\/api.w.org\/{rel}","templated":true}]}}