{"id":19624,"date":"2017-12-13T10:14:16","date_gmt":"2017-12-13T15:14:16","guid":{"rendered":"https:\/\/emisora.univalle.edu.co\/?p=19624"},"modified":"2017-12-14T08:16:48","modified_gmt":"2017-12-14T13:16:48","slug":"evaluacion-de-la-politica-publica-de-convivencia-familiar","status":"publish","type":"post","link":"https:\/\/emisora.univalle.edu.co\/index.php\/evaluacion-de-la-politica-publica-de-convivencia-familiar\/","title":{"rendered":"Evaluaci\u00f3n de la pol\u00edtica p\u00fablica de convivencia familiar"},"content":{"rendered":"<p>\u201cEs importante el fortalecimiento de las familias, como eje del desarrollo de la ciudad. El resultado de este trabajo se ver\u00e1 reflejado en nuestra pol\u00edtica p\u00fablica\u201d. Con estas palabras, el secretario de Bienestar Social del Municipio, Esaud Urrutia, abri\u00f3 el \u201cSeminario Taller sobre familias\u201d que la Escuela de Trabajo Social de la Universidad del Valle y la Secretar\u00eda de Bienestar Social de Cali que se r4ealiz\u00f3 el 11 y 12 de diciembre.<\/p>\n<p>Este Seminario hace parte del proyecto de evaluaci\u00f3n y ajuste de la pol\u00edtica p\u00fablica de convivencia familiar de Cali, que adelanta la Escuela de Trabajo Social de la Universidad del Valle.<\/p>\n<p>El acto de apertura estuvo presidido adem\u00e1s por la decana de la Facultad de Humanidades Gladys Stella L\u00f3pez Jim\u00e9nez, la subsecretaria de Poblaciones y Etnias de la Secretar\u00eda de Bienestar Social Ana Cecilia Collazos, la directora de la Escuela de Trabajo Social Martha Luc\u00eda Echeverry y el coordinador del proyecto Jes\u00fas Mar\u00eda S\u00e1nchez.<\/p>\n<p>El Seminario busca el fortalecimiento, actualizaci\u00f3n y difusi\u00f3n de experiencias que enriquecen las intervenciones que desde familia se ejecutan por parte de los entes gubernamentales, Organizaciones no Gubernamentales y dem\u00e1s organizaciones sociales del municipio.<\/p>\n<p>\u201cEventos como \u00e9ste le permiten a la Facultad de Humanidades evidenciar el papel social de la Universidad, en los que se articulan tres de sus componentes fundamentales: la proyecci\u00f3n, la investigaci\u00f3n y la docencia\u201d, mencion\u00f3 la decana L\u00f3pez Jim\u00e9nez.<\/p>\n<p>En este sentido, el seminario busca trabajar temas que contribuyan al proceso de evaluaci\u00f3n y posterior ajuste de la pol\u00edtica que cumpli\u00f3 10 a\u00f1os desde su promulgaci\u00f3n.<\/p>\n<p>El profesor del Instituto de Educaci\u00f3n y Pedagog\u00eda Daniel Campo present\u00f3 a los asistentes la experiencia de la Red del Buen Trato, que llev\u00f3 a que se formulara la pol\u00edtica p\u00fablica sobre convivencia familiar.<\/p>\n<p>La Red del Buen Trato gener\u00f3 pr\u00e1cticas formativas y organizativas, tanto hacia dentro de ella como hacia afuera, generando procesos de participaci\u00f3n comunitaria.<\/p>\n<p>\u201cLos actores comunitarios deben vincularse a la formulaci\u00f3n de las pol\u00edticas p\u00fablicas; esto no debe depender solo de funcionarios y expertos\u201d, se\u00f1al\u00f3 el profesor Campo.<\/p>\n<p>Esa es una de las virtudes de la pol\u00edtica que hoy se encuentra evaluando, ya que para su construcci\u00f3n se trabaj\u00f3 con la comunidad, al tiempo que se constru\u00edan una serie de saberes sociales alrededor de temas como la violencia, la convivencia familiar, el maltrato, entre otros.<\/p>\n<p>Fuente: Agencia de Noticias Univalle<\/p>\n","protected":false},"excerpt":{"rendered":"<p>\u201cEs importante el fortalecimiento de las familias, como eje del desarrollo de la ciudad. El resultado de este trabajo se ver\u00e1 reflejado en nuestra pol\u00edtica p\u00fablica\u201d. Con estas palabras, el secretario de Bienestar Social del Municipio, Esaud Urrutia, abri\u00f3 el \u201cSeminario Taller sobre familias\u201d que la Escuela de Trabajo Social[&#8230;]<\/p>\n","protected":false},"author":1,"featured_media":19627,"comment_status":"open","ping_status":"open","sticky":false,"template":"","format":"standard","meta":{"footnotes":""},"categories":[4],"tags":[],"_links":{"self":[{"href":"https:\/\/emisora.univalle.edu.co\/index.php\/wp-json\/wp\/v2\/posts\/19624"}],"collection":[{"href":"https:\/\/emisora.univalle.edu.co\/index.php\/wp-json\/wp\/v2\/posts"}],"about":[{"href":"https:\/\/emisora.univalle.edu.co\/index.php\/wp-json\/wp\/v2\/types\/post"}],"author":[{"embeddable":true,"href":"https:\/\/emisora.univalle.edu.co\/index.php\/wp-json\/wp\/v2\/users\/1"}],"replies":[{"embeddable":true,"href":"https:\/\/emisora.univalle.edu.co\/index.php\/wp-json\/wp\/v2\/comments?post=19624"}],"version-history":[{"count":1,"href":"https:\/\/emisora.univalle.edu.co\/index.php\/wp-json\/wp\/v2\/posts\/19624\/revisions"}],"predecessor-version":[{"id":19628,"href":"https:\/\/emisora.univalle.edu.co\/index.php\/wp-json\/wp\/v2\/posts\/19624\/revisions\/19628"}],"wp:featuredmedia":[{"embeddable":true,"href":"https:\/\/emisora.univalle.edu.co\/index.php\/wp-json\/wp\/v2\/media\/19627"}],"wp:attachment":[{"href":"https:\/\/emisora.univalle.edu.co\/index.php\/wp-json\/wp\/v2\/media?parent=19624"}],"wp:term":[{"taxonomy":"category","embeddable":true,"href":"https:\/\/emisora.univalle.edu.co\/index.php\/wp-json\/wp\/v2\/categories?post=19624"},{"taxonomy":"post_tag","embeddable":true,"href":"https:\/\/emisora.univalle.edu.co\/index.php\/wp-json\/wp\/v2\/tags?post=19624"}],"curies":[{"name":"wp","href":"https:\/\/api.w.org\/{rel}","templated":true}]}}