{"id":19629,"date":"2017-12-13T10:35:07","date_gmt":"2017-12-13T15:35:07","guid":{"rendered":"https:\/\/emisora.univalle.edu.co\/?p=19629"},"modified":"2017-12-14T08:17:52","modified_gmt":"2017-12-14T13:17:52","slug":"encuentro-matematico-en-homenaje-al-profesor-guillermo-restrepo","status":"publish","type":"post","link":"https:\/\/emisora.univalle.edu.co\/index.php\/encuentro-matematico-en-homenaje-al-profesor-guillermo-restrepo\/","title":{"rendered":"Encuentro matem\u00e1tico en homenaje al profesor Guillermo Restrepo"},"content":{"rendered":"<p>El Departamento de Matem\u00e1ticas, amigos y colegas del profesor Guillermo Restrepo realizar\u00e1n un Encuentro Matem\u00e1tico en su honor, a\u00f1o y medio despu\u00e9s del sensible fallecimiento y 46 a\u00f1os de entrega a los n\u00fameros en los recintos de esta Universidad.<\/p>\n<p>El Encuentro se realizar\u00e1 desde hoy hasta el 15 de diciembre en el Sal\u00f3n de Posgrado del Departamento de Matem\u00e1ticas (edificio 320, espacio 3194) Campus de Mel\u00e9ndez, y tendr\u00e1 un ciclo de charlas a cargo de Julio C\u00e9sar Delgado docente del Imperial College, Carlos Andr\u00e9s Rodr\u00edguez de la Universidad de los Andes, Jairo Roa de la Universidad del Cauca, y John Henry Reina, Doris Hinestroza, Liliana Posada, Miguel Marmolejo y Andr\u00e9s Felipe Mu\u00f1oz, de la Universidad del Valle.<\/p>\n<p>Vea la programaci\u00f3n<\/p>\n<p>El profesor Restrepo era oriundo de Eb\u00e9jico, Antioquia, se gradu\u00f3 como matem\u00e1tico de la Universidad Nacional de Colombia, en 1959. En 1962 y 1964 la Universidad del Sur de California le otorg\u00f3 los t\u00edtulos de Magister y Doctor (Ph.D.) respectivamente. Desde 1970 se vincul\u00f3 a la Universidad del Valle y entre 1971 y 1973 ejerci\u00f3 como decano de la Facultad de Ciencias Naturales y Exactas.<\/p>\n<p>Fuente: Agencia de Noticias Univalle<\/p>\n","protected":false},"excerpt":{"rendered":"<p>El Departamento de Matem\u00e1ticas, amigos y colegas del profesor Guillermo Restrepo realizar\u00e1n un Encuentro Matem\u00e1tico en su honor, a\u00f1o y medio despu\u00e9s del sensible fallecimiento y 46 a\u00f1os de entrega a los n\u00fameros en los recintos de esta Universidad. El Encuentro se realizar\u00e1 desde hoy hasta el 15 de diciembre[&#8230;]<\/p>\n","protected":false},"author":1,"featured_media":19625,"comment_status":"open","ping_status":"open","sticky":false,"template":"","format":"standard","meta":{"footnotes":""},"categories":[4],"tags":[],"_links":{"self":[{"href":"https:\/\/emisora.univalle.edu.co\/index.php\/wp-json\/wp\/v2\/posts\/19629"}],"collection":[{"href":"https:\/\/emisora.univalle.edu.co\/index.php\/wp-json\/wp\/v2\/posts"}],"about":[{"href":"https:\/\/emisora.univalle.edu.co\/index.php\/wp-json\/wp\/v2\/types\/post"}],"author":[{"embeddable":true,"href":"https:\/\/emisora.univalle.edu.co\/index.php\/wp-json\/wp\/v2\/users\/1"}],"replies":[{"embeddable":true,"href":"https:\/\/emisora.univalle.edu.co\/index.php\/wp-json\/wp\/v2\/comments?post=19629"}],"version-history":[{"count":1,"href":"https:\/\/emisora.univalle.edu.co\/index.php\/wp-json\/wp\/v2\/posts\/19629\/revisions"}],"predecessor-version":[{"id":19630,"href":"https:\/\/emisora.univalle.edu.co\/index.php\/wp-json\/wp\/v2\/posts\/19629\/revisions\/19630"}],"wp:featuredmedia":[{"embeddable":true,"href":"https:\/\/emisora.univalle.edu.co\/index.php\/wp-json\/wp\/v2\/media\/19625"}],"wp:attachment":[{"href":"https:\/\/emisora.univalle.edu.co\/index.php\/wp-json\/wp\/v2\/media?parent=19629"}],"wp:term":[{"taxonomy":"category","embeddable":true,"href":"https:\/\/emisora.univalle.edu.co\/index.php\/wp-json\/wp\/v2\/categories?post=19629"},{"taxonomy":"post_tag","embeddable":true,"href":"https:\/\/emisora.univalle.edu.co\/index.php\/wp-json\/wp\/v2\/tags?post=19629"}],"curies":[{"name":"wp","href":"https:\/\/api.w.org\/{rel}","templated":true}]}}