{"id":19631,"date":"2017-12-13T16:30:10","date_gmt":"2017-12-13T21:30:10","guid":{"rendered":"https:\/\/emisora.univalle.edu.co\/?p=19631"},"modified":"2018-01-15T11:22:47","modified_gmt":"2018-01-15T16:22:47","slug":"1-600-lideresas-reunidas-en-cali-hablan-sobre-participacion","status":"publish","type":"post","link":"https:\/\/emisora.univalle.edu.co\/index.php\/1-600-lideresas-reunidas-en-cali-hablan-sobre-participacion\/","title":{"rendered":"1.600 lideresas reunidas en Cali hablan sobre participaci\u00f3n"},"content":{"rendered":"<p>Tomado de diario El Pa\u00eds.<\/p>\n<p>Desde este martes, y hasta ma\u00f1ana viernes, alrededor de 1.600 mujeres se re\u00fanen en la Universidad del Valle con motivo del tercer Encuentro Latinoamericano de Mujeres &#8216;Ella&#8217;, en el que participan l\u00edderes de 26 pa\u00edses.<\/p>\n<p>El objetivo del evento, que ha contado con charlas, foros y otros espacios de reflexi\u00f3n, es destacar la participaci\u00f3n y el liderazgo de la mujer en el subcontinente; atendiendo tambi\u00e9n problem\u00e1ticas como la violencia de g\u00e9nero y el abuso sexual.<\/p>\n<p>Seg\u00fan los organizadores, en el Ella participan \u00abcolectivos e instituciones que promueven la equidad de g\u00e9nero y \u00e9tnico racial, as\u00ed como la diversidad sexual\u00bb.<\/p>\n<p>Entre los temas de la agenda se encuentran justicia econ\u00f3mica, violencia, cambio clim\u00e1tico, cultura y emprendimiento. Todos enfocados en la participaci\u00f3n de la mujer.<\/p>\n<p>Aunque la sede del evento es la Universidad del Valle, algunas actividades art\u00edsticas tambi\u00e9n incluyen espacios como el Banco de la Rep\u00fablica, el Teatro La M\u00e1scara y la Casa Cultural El Chontaduro.<\/p>\n<p>El encuentro Ella es de libre entrada y la programaci\u00f3n se puede consultar aqu\u00ed: https:\/\/goo.gl\/ufMKt9<\/p>\n<p>Este mi\u00e9rcoles, segundo d\u00eda, se llevar\u00e1 a cabo el Taller Huertas urbanas y procesos de soberan\u00eda (8:00 a.m.), la intervenci\u00f3n Ellas Crean: Danzas para la paz universal (8:00 a.m. &#8211; 8:50 a.m.), y la Gran Rueda\u200a\u2014\u200aLa paz tiene g\u00e9nero (9:00 a.m. &#8211; 12:00 m.).<\/p>\n<p>Fuente: Agencia de Noticias Univalle<\/p>\n","protected":false},"excerpt":{"rendered":"<p>Tomado de diario El Pa\u00eds. Desde este martes, y hasta ma\u00f1ana viernes, alrededor de 1.600 mujeres se re\u00fanen en la Universidad del Valle con motivo del tercer Encuentro Latinoamericano de Mujeres &#8216;Ella&#8217;, en el que participan l\u00edderes de 26 pa\u00edses. El objetivo del evento, que ha contado con charlas, foros[&#8230;]<\/p>\n","protected":false},"author":1,"featured_media":19626,"comment_status":"open","ping_status":"open","sticky":false,"template":"","format":"standard","meta":{"footnotes":""},"categories":[4],"tags":[],"_links":{"self":[{"href":"https:\/\/emisora.univalle.edu.co\/index.php\/wp-json\/wp\/v2\/posts\/19631"}],"collection":[{"href":"https:\/\/emisora.univalle.edu.co\/index.php\/wp-json\/wp\/v2\/posts"}],"about":[{"href":"https:\/\/emisora.univalle.edu.co\/index.php\/wp-json\/wp\/v2\/types\/post"}],"author":[{"embeddable":true,"href":"https:\/\/emisora.univalle.edu.co\/index.php\/wp-json\/wp\/v2\/users\/1"}],"replies":[{"embeddable":true,"href":"https:\/\/emisora.univalle.edu.co\/index.php\/wp-json\/wp\/v2\/comments?post=19631"}],"version-history":[{"count":1,"href":"https:\/\/emisora.univalle.edu.co\/index.php\/wp-json\/wp\/v2\/posts\/19631\/revisions"}],"predecessor-version":[{"id":19632,"href":"https:\/\/emisora.univalle.edu.co\/index.php\/wp-json\/wp\/v2\/posts\/19631\/revisions\/19632"}],"wp:featuredmedia":[{"embeddable":true,"href":"https:\/\/emisora.univalle.edu.co\/index.php\/wp-json\/wp\/v2\/media\/19626"}],"wp:attachment":[{"href":"https:\/\/emisora.univalle.edu.co\/index.php\/wp-json\/wp\/v2\/media?parent=19631"}],"wp:term":[{"taxonomy":"category","embeddable":true,"href":"https:\/\/emisora.univalle.edu.co\/index.php\/wp-json\/wp\/v2\/categories?post=19631"},{"taxonomy":"post_tag","embeddable":true,"href":"https:\/\/emisora.univalle.edu.co\/index.php\/wp-json\/wp\/v2\/tags?post=19631"}],"curies":[{"name":"wp","href":"https:\/\/api.w.org\/{rel}","templated":true}]}}