{"id":19637,"date":"2017-12-14T14:57:22","date_gmt":"2017-12-14T19:57:22","guid":{"rendered":"https:\/\/emisora.univalle.edu.co\/?p=19637"},"modified":"2018-01-15T11:20:48","modified_gmt":"2018-01-15T16:20:48","slug":"19637-2","status":"publish","type":"post","link":"https:\/\/emisora.univalle.edu.co\/index.php\/19637-2\/","title":{"rendered":"El desaf\u00edo de la Red del Buen Trato en Cali"},"content":{"rendered":"<p>Un llamado para ampliar la mirada de la violencia intrafamiliar dentro de los derechos humanos, hizo el profesor Daniel Campo, del Instituto de Educaci\u00f3n y Pedagog\u00eda de la Universidad del Valle, durante el Seminario Taller sobre Familia: Evaluaci\u00f3n y Ajuste de la Pol\u00edtica P\u00fablica de Convivencia Familiar en Cali.<\/p>\n<p>Durante su exposici\u00f3n Trabajo en Red del Buen trato en Cali, se\u00f1al\u00f3: \u201cEl discurso de la unidad familiar no debe llevarnos a tapar la violaci\u00f3n de los derechos humanos, la idea de que hay que mantener las familias unidas por encima de los derechos humanos no podemos tolerarla en una pol\u00edtica p\u00fablica. En esto la Red del Buen Trato en Cali siempre estuvo de acuerdo en que si se est\u00e1n presentando violaciones a los derechos humanos dentro de un grupo familiar no tiene por qu\u00e9 mantenerse unida. \u00c9ste tipo de familias no queremos promoverla en una pol\u00edtica p\u00fablica, debemos promover familias que respeten los derechos humanos. Es una pol\u00edtica p\u00fablica que debe pensar qu\u00e9 concepci\u00f3n de familia debe abordar como parte de sus lineamientos\u201d<\/p>\n<p>El profesor Campo hizo una reflexi\u00f3n sobre la Red del Buen Trato en Cali que busca optimizar los recursos en la planeaci\u00f3n y ejecuci\u00f3n de acciones dirigidas a la promoci\u00f3n, prevenci\u00f3n, detecci\u00f3n, vigilancia y atenci\u00f3n de la Violencia Intrafamiliar en el municipio.<\/p>\n<p>El profesor destac\u00f3 el trabajo con los l\u00edderes comunitarios, su relevancia frente a lo que pueden hacer o decir los investigadores universitarios o los funcionarios, dado que ellos son los que tienen el contacto directo con las familias, y la mayor\u00eda de las veces, sus miembros acuden a \u00e9stos en primera instancia.<\/p>\n<p>Sostuvo que el funcionamiento en Red ha sido acertado dado que no se manejan jerarqu\u00edas r\u00edgidas en la toma de decisiones, sino que todos son importantes en el conjunto de los prop\u00f3sitos que se asumen.<\/p>\n<p><strong>La Red est\u00e1 conformada por diversos sectores:<\/strong><\/p>\n<p style=\"padding-left: 60px;\"><strong>Comunitario<\/strong>: Madres comunitarias tradicionales, madres FAMI, miembros de organizaciones juveniles, grupos de adultos mayores, Juntas Administradoras Locales \u2013JAL-, Juntas de Acci\u00f3n Comunal \u2013JAC-, l\u00edderes afectivos, promotores de convivencia, educadores familiares, agentes comunitarios, pobladores de las comunas interesados en el tema de VIF, miembros de asociaciones de usuarios de salud, veedores en salud y delegados de asociaciones de padres de familia de instituciones educativas.<\/p>\n<p style=\"padding-left: 60px;\"><strong>Religioso:<\/strong> Miembros de organizaciones pastorales y Sacerdotes.<\/p>\n<p style=\"padding-left: 60px;\"><strong>Educaci\u00f3n:<\/strong> Docentes de las universidades del Valle, San Buenaventura y Javeriana en Cali.<\/p>\n<p style=\"padding-left: 60px;\"><strong>Gobierno:<\/strong> Delegados de Comisar\u00edas de Familia; Fiscal\u00eda; Personer\u00eda Municipal; del Instituto Colombiano de Bienestar Familiar \u2013ICBF-; de la Polic\u00eda Metropolitana de Cali, la Polic\u00eda comunitaria, y de menores; de las Empresas Sociales del Estado \u2013ESES-, sector salud; de las Administradoras de R\u00e9gimen Subsidiado \u2013ARS-; de las Secretar\u00edas Municipales de Gobierno, Seguridad y Conviencia, Salud, Educaci\u00f3n y Desarrollo Territorial y Bienestar Social; del Departamento Administrativo de Seguridad \u2013DAS-; del Instituto de Seguros Sociales \u2013ISS-; de las Casas de Justicia y de Medicina Legal.<\/p>\n<p style=\"padding-left: 60px;\"><strong>Privado (Salud):<\/strong> Delegados de Empresas Promotoras de Salud, EPS, privadas y ARS.<\/p>\n<p style=\"padding-left: 60px;\"><strong>Privado (ONGs):<\/strong> Delegados de Organizaciones No Gubernamentales.<\/p>\n<p style=\"padding-left: 60px;\"><strong>Privado Educaci\u00f3n:<\/strong> Delegados de hogares infantiles y colegios de la ciudad.<\/p>\n<p>El Seminario Taller sobre Familia: Evaluaci\u00f3n y Ajuste de la Pol\u00edtica P\u00fablica de Convivencia Familiar en la ciudad de Cali fue organizado por la Secretar\u00eda de Bienestar Social de la Alcald\u00eda de Cali y la Escuela de Trabajo Social y Desarrollo Humano de la Universidad del Valle.<\/p>\n<p>Fuente: Agencia de Noticias Univalle<\/p>\n","protected":false},"excerpt":{"rendered":"<p>Un llamado para ampliar la mirada de la violencia intrafamiliar dentro de los derechos humanos, hizo el profesor Daniel Campo, del Instituto de Educaci\u00f3n y Pedagog\u00eda de la Universidad del Valle, durante el Seminario Taller sobre Familia: Evaluaci\u00f3n y Ajuste de la Pol\u00edtica P\u00fablica de Convivencia Familiar en Cali. Durante[&#8230;]<\/p>\n","protected":false},"author":1,"featured_media":19636,"comment_status":"open","ping_status":"open","sticky":false,"template":"","format":"standard","meta":{"footnotes":""},"categories":[4],"tags":[],"_links":{"self":[{"href":"https:\/\/emisora.univalle.edu.co\/index.php\/wp-json\/wp\/v2\/posts\/19637"}],"collection":[{"href":"https:\/\/emisora.univalle.edu.co\/index.php\/wp-json\/wp\/v2\/posts"}],"about":[{"href":"https:\/\/emisora.univalle.edu.co\/index.php\/wp-json\/wp\/v2\/types\/post"}],"author":[{"embeddable":true,"href":"https:\/\/emisora.univalle.edu.co\/index.php\/wp-json\/wp\/v2\/users\/1"}],"replies":[{"embeddable":true,"href":"https:\/\/emisora.univalle.edu.co\/index.php\/wp-json\/wp\/v2\/comments?post=19637"}],"version-history":[{"count":2,"href":"https:\/\/emisora.univalle.edu.co\/index.php\/wp-json\/wp\/v2\/posts\/19637\/revisions"}],"predecessor-version":[{"id":19645,"href":"https:\/\/emisora.univalle.edu.co\/index.php\/wp-json\/wp\/v2\/posts\/19637\/revisions\/19645"}],"wp:featuredmedia":[{"embeddable":true,"href":"https:\/\/emisora.univalle.edu.co\/index.php\/wp-json\/wp\/v2\/media\/19636"}],"wp:attachment":[{"href":"https:\/\/emisora.univalle.edu.co\/index.php\/wp-json\/wp\/v2\/media?parent=19637"}],"wp:term":[{"taxonomy":"category","embeddable":true,"href":"https:\/\/emisora.univalle.edu.co\/index.php\/wp-json\/wp\/v2\/categories?post=19637"},{"taxonomy":"post_tag","embeddable":true,"href":"https:\/\/emisora.univalle.edu.co\/index.php\/wp-json\/wp\/v2\/tags?post=19637"}],"curies":[{"name":"wp","href":"https:\/\/api.w.org\/{rel}","templated":true}]}}