{"id":19640,"date":"2017-12-15T15:02:48","date_gmt":"2017-12-15T20:02:48","guid":{"rendered":"https:\/\/emisora.univalle.edu.co\/?p=19640"},"modified":"2018-01-15T11:20:28","modified_gmt":"2018-01-15T16:20:28","slug":"premiada-en-congreso-de-morfologia","status":"publish","type":"post","link":"https:\/\/emisora.univalle.edu.co\/index.php\/premiada-en-congreso-de-morfologia\/","title":{"rendered":"Premiada en congreso de morfolog\u00eda"},"content":{"rendered":"<p><a href=\"https:\/\/emisora.univalle.edu.co\/premiada-en-congreso-de-morfologia\/premio-morfologia\/\" rel=\"attachment wp-att-19641\"><img loading=\"lazy\" decoding=\"async\" class=\" wp-image-19641 alignright\" src=\"https:\/\/emisora.univalle.edu.co\/wp-content\/uploads\/2017\/12\/premio-morfolog\u00eda.jpg\" alt=\"\" width=\"441\" height=\"588\" srcset=\"https:\/\/emisora.univalle.edu.co\/wp-content\/uploads\/2017\/12\/premio-morfolog\u00eda.jpg 400w, https:\/\/emisora.univalle.edu.co\/wp-content\/uploads\/2017\/12\/premio-morfolog\u00eda-225x300.jpg 225w, https:\/\/emisora.univalle.edu.co\/wp-content\/uploads\/2017\/12\/premio-morfolog\u00eda-65x86.jpg 65w\" sizes=\"(max-width: 441px) 100vw, 441px\" \/><\/a>La profesora del Departamento de Morfolog\u00eda de la Facultad de Salud de la Universidad del Valle Gloria Baena Caldas, obtuvo el premio a la excelencia, en modalidad de p\u00f3ster, en el XIII Congreso Colombiano de Morfolog\u00eda, organizado por la Asociaci\u00f3n Colombiana de Morfolog\u00eda, realizado en la Universidad del Norte de Barranquilla.<\/p>\n<p>La investigadora es del \u00c1rea de Anatom\u00eda y present\u00f3 la investigaci\u00f3n \u00abFrecuencia de las Variaciones Anat\u00f3micas de la Arteria Car\u00f3tida Com\u00fan en una Muestra de la Poblaci\u00f3n Colombiana\u00bb, desarrollada por el Grupo de Investigaci\u00f3n Tejidos Blandos Mineralizados &#8211; TEBLAMI de la Universidad del Valle y el Grupo de Investigaci\u00f3n de Radiolog\u00eda de la Fundaci\u00f3n Valle del Lili, del que hacen parte el Ingeniero Biom\u00e9dico, Juan Felipe Orejuela y la M\u00e9dica, Ana Mar\u00eda Granados.<\/p>\n<p>El trabajo expuesto se centr\u00f3 en un an\u00e1lisis realizado, a partir de las angiotomografias de pacientes hombres y mujeres de nacionalidad colombiana.<\/p>\n<p>La investigaci\u00f3n se realiz\u00f3 con im\u00e1genes de las variaciones anat\u00f3micas de una muestra de poblaci\u00f3n colombiana seleccionada. Estas im\u00e1genes permitieron observar algunas variaciones de la arteria car\u00f3tida com\u00fan en su origen y en donde \u00e9sta se bifurca. Las arterias car\u00f3tidas comunes, son las encargadas de enviar nutrientes principalmente a la cabeza y el cuello; se encuentran originadas en el t\u00f3rax, una se ubica en el lado derecho, m\u00e1s espec\u00edficamente en el tronco braquiocef\u00e1lico, y otra en el izquierdo, en el arco a\u00f3rtico, ese es el origen que se reconoce com\u00fanmente en la literatura m\u00e9dica; la investigaci\u00f3n realizada por los Grupos de Investigaci\u00f3n Teblami y Radiolog\u00eda, mostr\u00f3 que en algunas personas el origen cambia.<\/p>\n<p>En palabras de la profesora Gloria Baena, \u201cEn el 37% de los 100 pacientes que se incluyeron en el estudio (81 hombres y 19 mujeres), se encontr\u00f3 que el origen de la arteria del lado derecho, que se origina en el bronquio braquiocef\u00e1lico, en algunas personas no se origina ah\u00ed, sino que ven\u00eda directamente del arco a\u00f3rtico. \u00absi un paciente es intervenido quir\u00fargicamente y el origen de esta arteria no corresponde al que los m\u00e9dicos conocen por la literatura, el cirujano puede cometer un error\u201d explic\u00f3 la investigadora. Esta investigaci\u00f3n puede servir a personas que vayan a realizar an\u00e1lisis de im\u00e1genes en radiolog\u00eda y a m\u00e9dicos cirujanos a la hora de intervenir en zonas cercanas a la Arteria Car\u00f3tida Com\u00fan.<\/p>\n<p>La profesora Gloria Baena es egresada de la Escuela de Odontolog\u00eda y de la Maestr\u00eda en Ciencias Biom\u00e9dicas de la Facultad de Salud y hace parte del Grupo de Investigaci\u00f3n TEBLAMI, que se ha destacado por su participaci\u00f3n en numerosas ediciones del mencionado congreso.<\/p>\n<p>Fuente: <a href=\"http:\/\/www.univalle.edu.co\/lo-que-pasa-en-la-u\/congreso-morfologia\/#\">Agencia de Noticias Univalle<\/a><\/p>\n","protected":false},"excerpt":{"rendered":"<p>La profesora del Departamento de Morfolog\u00eda de la Facultad de Salud de la Universidad del Valle Gloria Baena Caldas, obtuvo el premio a la excelencia, en modalidad de p\u00f3ster, en el XIII Congreso Colombiano de Morfolog\u00eda, organizado por la Asociaci\u00f3n Colombiana de Morfolog\u00eda, realizado en la Universidad del Norte de[&#8230;]<\/p>\n","protected":false},"author":1,"featured_media":19642,"comment_status":"open","ping_status":"open","sticky":false,"template":"","format":"standard","meta":{"footnotes":""},"categories":[4],"tags":[],"_links":{"self":[{"href":"https:\/\/emisora.univalle.edu.co\/index.php\/wp-json\/wp\/v2\/posts\/19640"}],"collection":[{"href":"https:\/\/emisora.univalle.edu.co\/index.php\/wp-json\/wp\/v2\/posts"}],"about":[{"href":"https:\/\/emisora.univalle.edu.co\/index.php\/wp-json\/wp\/v2\/types\/post"}],"author":[{"embeddable":true,"href":"https:\/\/emisora.univalle.edu.co\/index.php\/wp-json\/wp\/v2\/users\/1"}],"replies":[{"embeddable":true,"href":"https:\/\/emisora.univalle.edu.co\/index.php\/wp-json\/wp\/v2\/comments?post=19640"}],"version-history":[{"count":2,"href":"https:\/\/emisora.univalle.edu.co\/index.php\/wp-json\/wp\/v2\/posts\/19640\/revisions"}],"predecessor-version":[{"id":19644,"href":"https:\/\/emisora.univalle.edu.co\/index.php\/wp-json\/wp\/v2\/posts\/19640\/revisions\/19644"}],"wp:featuredmedia":[{"embeddable":true,"href":"https:\/\/emisora.univalle.edu.co\/index.php\/wp-json\/wp\/v2\/media\/19642"}],"wp:attachment":[{"href":"https:\/\/emisora.univalle.edu.co\/index.php\/wp-json\/wp\/v2\/media?parent=19640"}],"wp:term":[{"taxonomy":"category","embeddable":true,"href":"https:\/\/emisora.univalle.edu.co\/index.php\/wp-json\/wp\/v2\/categories?post=19640"},{"taxonomy":"post_tag","embeddable":true,"href":"https:\/\/emisora.univalle.edu.co\/index.php\/wp-json\/wp\/v2\/tags?post=19640"}],"curies":[{"name":"wp","href":"https:\/\/api.w.org\/{rel}","templated":true}]}}