{"id":19678,"date":"2018-01-16T15:29:42","date_gmt":"2018-01-16T20:29:42","guid":{"rendered":"https:\/\/emisora.univalle.edu.co\/?p=19678"},"modified":"2018-01-16T15:29:42","modified_gmt":"2018-01-16T20:29:42","slug":"la-uca-y-la-universidad-del-valle-de-colombia-impulsan-colaboraciones-docentes-cientificas-y-de-transferencia","status":"publish","type":"post","link":"https:\/\/emisora.univalle.edu.co\/index.php\/la-uca-y-la-universidad-del-valle-de-colombia-impulsan-colaboraciones-docentes-cientificas-y-de-transferencia\/","title":{"rendered":"La UCA y la Universidad del Valle de Colombia impulsan colaboraciones docentes, cient\u00edficas y de transferencia"},"content":{"rendered":"<p><span class=\"authorPost\">Agencia de Noticias Univalle<\/span><\/p>\n<div class=\"itemFullText\">\n<p>Tomado de\u00a0<a href=\"http:\/\/www.uca.es\/noticia\/la-uca-y-la-universidad-del-valle-de-colombia-impulsan-colaboraciones-docentes-cientificas-y-de-transferencia\/\" target=\"_blank\" rel=\"noopener\">Universidad de\u00a0 C\u00e1diz<\/a>.<\/p>\n<p>El rector de la Universidad de C\u00e1diz, Eduardo Gonz\u00e1lez Mazo, y de la Universidad del Valle de Colombia, Edgar Varela Barrios, han mantenido una reuni\u00f3n esta ma\u00f1ana en donde se ha puesto de manifiesto el compromiso y la existencia de \u00e1mbitos en donde impulsar colaboraciones docentes, cient\u00edficas y de transferencia entre ambas instituciones universitarias a trav\u00e9s de distintos cauces como los dobles t\u00edtulos, los programas de doctorado o el fomento del intercambio y la movilidad universitaria. En este sentido, ambos rectores han firmado un convenio para la realizaci\u00f3n de cotutelas de tesis doctorales.<\/p>\n<p>De este modo y tras conocer el mapa de titulaciones, las potencialidades cient\u00edficas y la estrategia de innovaci\u00f3n de la Universidad de C\u00e1diz y del Campus de Excelencia Internacional Global del Mar (CEI\u00b7Mar), los responsables de la Universidad del Valle, que visitar\u00e1n distintos campus e instalaciones de la UCA entre hoy y ma\u00f1ana, y de la UCA han avanzado su compromiso de trabajar en \u00e1mbitos de inter\u00e9s como las Ciencias del Mar, la Oceanograf\u00eda, la gesti\u00f3n portuaria y mar\u00edtima o la Ingenier\u00eda Qu\u00edmica y la Agroalimentaci\u00f3n.<\/p>\n<p>En el encuentro, que ha tenido lugar en la sala de juntas del Edificio Hospital Real de la UCA, ha contado tambi\u00e9n con la presencia del vicerrector de Innovaci\u00f3n Tecnol\u00f3gica y Transferencia de la Universidad de C\u00e1diz, Javier P\u00e9rez, el vicerrector de Investigaciones y el director de Extensi\u00f3n y Educaci\u00f3n Continua de la Universidad del Valle, Jaime Ricardo Kints y Jaime Humberto Escobar \u2013respectivamente, el coordinador General del CEI\u00b7Mar, Juan Jos\u00e9 Vergara, la coordinadora del M\u00e1ster en Gesti\u00f3n Portuaria y Log\u00edstica de la Universidad de C\u00e1diz, Mar\u00eda del Mar Cerb\u00e1n, , as\u00ed como V\u00edctor Conde Cardona y Francisco Marcos Perales, director General y director General Adjunto de la Asociaci\u00f3n Universitaria Iberoamericana de Postgrado (AUIP)<\/p>\n<\/div>\n","protected":false},"excerpt":{"rendered":"<p>Agencia de Noticias Univalle Tomado de\u00a0Universidad de\u00a0 C\u00e1diz. El rector de la Universidad de C\u00e1diz, Eduardo Gonz\u00e1lez Mazo, y de la Universidad del Valle de Colombia, Edgar Varela Barrios, han mantenido una reuni\u00f3n esta ma\u00f1ana en donde se ha puesto de manifiesto el compromiso y la existencia de \u00e1mbitos en[&#8230;]<\/p>\n","protected":false},"author":1,"featured_media":19679,"comment_status":"open","ping_status":"open","sticky":false,"template":"","format":"standard","meta":{"footnotes":""},"categories":[4],"tags":[],"_links":{"self":[{"href":"https:\/\/emisora.univalle.edu.co\/index.php\/wp-json\/wp\/v2\/posts\/19678"}],"collection":[{"href":"https:\/\/emisora.univalle.edu.co\/index.php\/wp-json\/wp\/v2\/posts"}],"about":[{"href":"https:\/\/emisora.univalle.edu.co\/index.php\/wp-json\/wp\/v2\/types\/post"}],"author":[{"embeddable":true,"href":"https:\/\/emisora.univalle.edu.co\/index.php\/wp-json\/wp\/v2\/users\/1"}],"replies":[{"embeddable":true,"href":"https:\/\/emisora.univalle.edu.co\/index.php\/wp-json\/wp\/v2\/comments?post=19678"}],"version-history":[{"count":1,"href":"https:\/\/emisora.univalle.edu.co\/index.php\/wp-json\/wp\/v2\/posts\/19678\/revisions"}],"predecessor-version":[{"id":19680,"href":"https:\/\/emisora.univalle.edu.co\/index.php\/wp-json\/wp\/v2\/posts\/19678\/revisions\/19680"}],"wp:featuredmedia":[{"embeddable":true,"href":"https:\/\/emisora.univalle.edu.co\/index.php\/wp-json\/wp\/v2\/media\/19679"}],"wp:attachment":[{"href":"https:\/\/emisora.univalle.edu.co\/index.php\/wp-json\/wp\/v2\/media?parent=19678"}],"wp:term":[{"taxonomy":"category","embeddable":true,"href":"https:\/\/emisora.univalle.edu.co\/index.php\/wp-json\/wp\/v2\/categories?post=19678"},{"taxonomy":"post_tag","embeddable":true,"href":"https:\/\/emisora.univalle.edu.co\/index.php\/wp-json\/wp\/v2\/tags?post=19678"}],"curies":[{"name":"wp","href":"https:\/\/api.w.org\/{rel}","templated":true}]}}