{"id":19690,"date":"2018-01-22T10:15:48","date_gmt":"2018-01-22T15:15:48","guid":{"rendered":"https:\/\/emisora.univalle.edu.co\/?p=19690"},"modified":"2018-01-22T10:15:48","modified_gmt":"2018-01-22T15:15:48","slug":"rector-participa-en-evento-de-promocion-de-la-ciencia-y-la-tecnologia-en-espana","status":"publish","type":"post","link":"https:\/\/emisora.univalle.edu.co\/index.php\/rector-participa-en-evento-de-promocion-de-la-ciencia-y-la-tecnologia-en-espana\/","title":{"rendered":"Rector participa en evento de promoci\u00f3n de la Ciencia y la Tecnolog\u00eda en Espa\u00f1a"},"content":{"rendered":"<p>El diario ABC de Sevilla (Espa\u00f1a) rese\u00f1\u00f3 la participaci\u00f3n del rector de la Universidad del Valle Edgar Varela Barrios en el lanzamiento de la octava edici\u00f3n de la revista Andaluc\u00eda I+D+i, publicaci\u00f3n especializada que hace parte del diario espa\u00f1ol. El Acto fue presidido por el consejero de econom\u00eda y conocimiento de Andaluc\u00eda, Antonio Ram\u00edrez Arellano.<\/p>\n<p>Durante su intervenci\u00f3n, Ram\u00edrez Arellano present\u00f3 detalles del nuevo Plan Andaluz de inversi\u00f3n en Ciencia, Tecnolog\u00eda e Innovaci\u00f3n. El consejero de econom\u00eda y conocimiento destac\u00f3 que este departamento ha invertido 640 millones de euros en convocatorias de incentivos en universidades, centros de investigaci\u00f3n y empresas, para dar impulso al sistema andaluz de innovaci\u00f3n.<\/p>\n<p>En este contexto, entre otras medidas, Ram\u00edrez Arellano ha prometido \u00abm\u00e1s contratos para j\u00f3venes investigadores andaluces\u00bb, nuevos fondos para reforzar los centros de excelencia y de investigaci\u00f3n, as\u00ed como la pr\u00f3xima convocatoria de los programas Talentia Master y la puesta en marcha de Talentia Senior, que atraer\u00e1 a investigadores de prestigio internacional a la comunidad aut\u00f3noma.<\/p>\n<p>El rector de Univalle, Edgar Varela, coment\u00f3 que adelanta gestiones para fortalecer la interacci\u00f3n del Alma Mater de los Vallecaucanos con las universidades andaluzas y con la Universidad de C\u00e1diz (que visit\u00f3 esta semana) con el fin de concretar dise\u00f1os conjuntos de posgrados y procesos de colaboraci\u00f3n en investigaci\u00f3n, ciencia y tecnolog\u00eda. As\u00ed mismo, destac\u00f3 el papel que juega la empresa privada espa\u00f1ola en alianza con las universidades de este pa\u00eds, lo cual constituye un ejemplo para el sistema universidad-empresa-Estado que lidera Univalle en la regi\u00f3n vallecaucana.<\/p>\n<p>La revista Andaluc\u00eda I+D+i que se entrega gratuitamente con los ejemplares del peri\u00f3dico ABC cuenta con el patrocinio de la empresa Hidralia y la colaboraci\u00f3n de UNIA.<\/p>\n<p>En el evento estuvieron los rectores de la Universidad de Sevilla (US) y de la Universidad Internacional de Andaluc\u00eda, Miguel \u00c1ngel Castro y Jos\u00e9 S\u00e1nchez Maldonado, y el rector de la Universidad del Valle de Cali (Colombia) Edgar Varela Barrios, el director territorial de Hidralia, Marcos Mart\u00edn; el director de Desarrollo Sostenible e Innovaci\u00f3n de Hidralia, Gustavo Calero; el director de ABC de Sevilla, \u00c1lvaro Ybarra; el director gerente de ABC Andaluc\u00eda, \u00c1lvaro Rodr\u00edguez Guitart; la presidenta de Corporaci\u00f3n Tecnol\u00f3gica de Andaluc\u00eda (CTA), Adelaida de la Calle; as\u00ed como investigadores, empresarios y responsables de la Administraci\u00f3n auton\u00f3mica en el \u00e1mbito de la Innovaci\u00f3n.<\/p>\n","protected":false},"excerpt":{"rendered":"<p>El diario ABC de Sevilla (Espa\u00f1a) rese\u00f1\u00f3 la participaci\u00f3n del rector de la Universidad del Valle Edgar Varela Barrios en el lanzamiento de la octava edici\u00f3n de la revista Andaluc\u00eda I+D+i, publicaci\u00f3n especializada que hace parte del diario espa\u00f1ol. El Acto fue presidido por el consejero de econom\u00eda y conocimiento[&#8230;]<\/p>\n","protected":false},"author":1,"featured_media":19691,"comment_status":"open","ping_status":"open","sticky":false,"template":"","format":"standard","meta":{"footnotes":""},"categories":[4],"tags":[],"_links":{"self":[{"href":"https:\/\/emisora.univalle.edu.co\/index.php\/wp-json\/wp\/v2\/posts\/19690"}],"collection":[{"href":"https:\/\/emisora.univalle.edu.co\/index.php\/wp-json\/wp\/v2\/posts"}],"about":[{"href":"https:\/\/emisora.univalle.edu.co\/index.php\/wp-json\/wp\/v2\/types\/post"}],"author":[{"embeddable":true,"href":"https:\/\/emisora.univalle.edu.co\/index.php\/wp-json\/wp\/v2\/users\/1"}],"replies":[{"embeddable":true,"href":"https:\/\/emisora.univalle.edu.co\/index.php\/wp-json\/wp\/v2\/comments?post=19690"}],"version-history":[{"count":1,"href":"https:\/\/emisora.univalle.edu.co\/index.php\/wp-json\/wp\/v2\/posts\/19690\/revisions"}],"predecessor-version":[{"id":19692,"href":"https:\/\/emisora.univalle.edu.co\/index.php\/wp-json\/wp\/v2\/posts\/19690\/revisions\/19692"}],"wp:featuredmedia":[{"embeddable":true,"href":"https:\/\/emisora.univalle.edu.co\/index.php\/wp-json\/wp\/v2\/media\/19691"}],"wp:attachment":[{"href":"https:\/\/emisora.univalle.edu.co\/index.php\/wp-json\/wp\/v2\/media?parent=19690"}],"wp:term":[{"taxonomy":"category","embeddable":true,"href":"https:\/\/emisora.univalle.edu.co\/index.php\/wp-json\/wp\/v2\/categories?post=19690"},{"taxonomy":"post_tag","embeddable":true,"href":"https:\/\/emisora.univalle.edu.co\/index.php\/wp-json\/wp\/v2\/tags?post=19690"}],"curies":[{"name":"wp","href":"https:\/\/api.w.org\/{rel}","templated":true}]}}