{"id":19715,"date":"2018-01-29T11:53:45","date_gmt":"2018-01-29T16:53:45","guid":{"rendered":"https:\/\/emisora.univalle.edu.co\/?p=19715"},"modified":"2018-01-29T11:53:45","modified_gmt":"2018-01-29T16:53:45","slug":"rector-explica-como-espera-ampliar-la-cobertura-de-univalle-en-cuatro-anos","status":"publish","type":"post","link":"https:\/\/emisora.univalle.edu.co\/index.php\/rector-explica-como-espera-ampliar-la-cobertura-de-univalle-en-cuatro-anos\/","title":{"rendered":"Rector explica como espera ampliar la cobertura de Univalle en cuatro a\u00f1os"},"content":{"rendered":"<p><span class=\"authorPost\">Agencia de Noticias Univalle<\/span><\/p>\n<div class=\"itemFullText\">\n<p><a href=\"https:\/\/goo.gl\/akUG1R\">Tomado del diario El Pa\u00eds<\/a><\/p>\n<p>Un ambicioso plan para aumentar cupos y carreras profesionales, la inequidad de distribuci\u00f3n de recursos de \u2018Ser Pilo Paga\u2019 y la disminuci\u00f3n del consumo de drogas en el campus de Mel\u00e9ndez son algunos de los temas acerca de los cuales el rector de la Universidad del Valle, \u00c9dgar Varela, habl\u00f3 con El Pa\u00eds.<\/p>\n<p><strong>Una de las exigencias que se le viene haciendo a la Universidad del Valle es el aumento de cobertura -en carreras y cupos de estudiantes-, \u00bfc\u00f3mo va ese proceso?<\/strong><\/p>\n<p>Debemos dar un salto y este a\u00f1o comenzamos. Tenemos la obligaci\u00f3n de ampliar la cobertura y hay varias estrategias. La primera es ofrecer educaci\u00f3n virtual, en esto Univalle se ha quedado atr\u00e1s, tenemos la capacidad instalada y ha faltado la decisi\u00f3n pol\u00edtica; en el segundo semestre del a\u00f1o se ofertar\u00e1n los primeros programas de este tipo (Enfermer\u00eda, Ciencias de Salud, Atenci\u00f3n Prehospitalaria, Contadur\u00eda, Finanzas, licenciaturas en Educaci\u00f3n). El segundo tema es la ampliaci\u00f3n de la cobertura en sedes regionales, crear nuevas carreras (Nutrici\u00f3n, Tecnolog\u00edas en Log\u00edstica, Licenciatura en Deportes y Recreaci\u00f3n \u2013en Buenaventura y Norte del Cauca-) y esos programas se abren en el 2019.\u00a0Asimismo, esperamos Aumentar la oferta de posgrados en las sedes regionales en 1500 estudiantes, actualmente hay 700.<\/p>\n<p><strong>\u00bfY en Cali c\u00f3mo aumentar\u00e1n la cobertura?<\/strong><\/p>\n<p>Queremos aumentar los posgrados, la meta es en dos a\u00f1os tener 6000 estudiantes y ser\u00edamos la segunda Universidad de Colombia con m\u00e1s posgrados. Asimismo, vamos a mejorar la capacidad en las sedes de Mel\u00e9ndez y San Fernando para ofertar nuevas carreras como: Primera Infancia, Administraci\u00f3n P\u00fablica, Ingenier\u00eda Biom\u00e9dica, Ingenier\u00eda de la Construcci\u00f3n, Biotecnolog\u00eda, Salud P\u00fablica. Tenemos identificados 14 nuevos programas. Tambi\u00e9n vamos a tener m\u00e1s oferta de carreras en la noche. Sobre eso estamos trabajando, para que el pr\u00f3ximo agosto tengamos una oferta renovada. Aspiramos en el 2021 o 2022 que Univalle pase de 28.000 a 40.000 estudiantes.<\/p>\n<p><strong>\u00bfHan pensado en abrir nuevas sedes en el norte de Cali u otros sectores de la ciudad?<\/strong><\/p>\n<p>Tanto la Gobernaci\u00f3n como la Alcald\u00eda est\u00e1n interesados en ese tema. La Alcald\u00eda nos ofrece espacios (en alquiler o comodato) y buscar\u00edamos el acompa\u00f1amiento para tener dos o tres nodos en la zona de ladera y el Distrito de Aguablanca. Ser\u00edan para ciclo b\u00e1sico y oferta de educaci\u00f3n tecnol\u00f3gica. Podr\u00edamos tener 2000 estudiantes en esas zonas.<\/p>\n<p><strong>\u00bfDe d\u00f3nde va a sacar Univalle recursos para esos proyectos, cuando hace poco cuestionaron que habr\u00eda una reducci\u00f3n de dineros para las universidades p\u00fablicas del pa\u00eds debido al financiamiento del programa \u2018Ser Pilo Paga\u2019?<\/strong><\/p>\n<p>\u00bfPor qu\u00e9 podemos aumentar la cobertura pese a que tengamos dificultades financieras? Porque estamos trabajando en la eficiencia y eficacia administrativa, por ejemplo, en los \u00faltimos semestres, en muchas carreras, por la deserci\u00f3n, hay profesores con doctorado en pregrado que le dan clases a ocho o diez personas y el mismo curso se repite varias veces. Lo que estamos haciendo es que exista m\u00e1s movilidad de estudiantes. En resumen, con los mismos recursos estamos logrando una tasa de ocupaci\u00f3n completa de los estudiantes. Tambi\u00e9n quiero decir que s\u00ed hemos recibido dineros adicionales, en el 2017 fueron $13.400 millones, adem\u00e1s de $7000 millones u $8000 millones m\u00e1s en la tasa presupuestal, todo esto nos da $20.000 millones, con lo cual vamos aumentar la planta de profesores. Tambi\u00e9n tenemos un buen recaudo por estampillas que factur\u00f3 $70.000 millones.<\/p>\n<p><strong>Entonces, \u00bfcu\u00e1l es la cr\u00edtica de las universidades publicas al programa \u2018Ser Pilo Paga\u2019?<\/strong><\/p>\n<p>Que hay un \u00e9nfasis muy grande de los nuevos recursos para el sector privado. Entre pr\u00e9stamos Icetex y el programa \u2018Ser Pilo Paga\u2019, la mayor\u00eda de recursos van para la universidades privadas. El Gobierno ha colocado $1,5 billones y lo que le da a las universidades p\u00fablicas llega a $550.000 millones. Dos terceras partes m\u00e1s se le otorga a las universidades privadas. Nosotros tenemos muy pocos Pilos porque nuestras exigencias acad\u00e9micas son mayores. Ahora estamos viendo la posibilidad de involucrar Pilos que tengan una nivelaci\u00f3n en semestre cero.<\/p>\n<p><strong>\u00bfCu\u00e1ntos estudiantes del programa \u2018Ser Pilo Paga\u2019 hay en Cali?<\/strong><\/p>\n<p>Hay 3000 estudiantes y en la Universidad del Valle 450. Por esos estudiantes recibimos $6000 millones. En Colombia el 92 % de los recursos del programa van para la educaci\u00f3n privada y el 8 % a las universidades p\u00fablicas.<\/p>\n<p>Hay una percepci\u00f3n que los estudiantes mejor formados, es decir, los de colegios privados, son lo que pueden acceder a las mejores carreras en Univalle, como Medicina e ingenier\u00edas&#8230;<\/p>\n<p>Eso es un mito urbano. En diciembre revis\u00e9 la composici\u00f3n social de los estudiantes de Univalle y m\u00e1s del 80 %, incluso en carreras como Medicina, Comunicaci\u00f3n, Sicolog\u00eda e ingenier\u00edas son alumnos provenientes de colegios p\u00fablicos. No es f\u00e1cil que hoy, como ocurr\u00eda hace 30 a\u00f1os, la \u00e9lite de la regi\u00f3n estudie en Univalle. La \u00e9lite econ\u00f3mica ha creado sus propias universidades que tambi\u00e9n son buenas.<\/p>\n<p><strong>Hace poco se conoci\u00f3 que Univalle tendr\u00eda recortes para doctorados e investigaci\u00f3n. \u00bfC\u00f3mo es que hay recursos para ampliar la cobertura pero no para esto?<\/strong><\/p>\n<p>Porque las fuentes son diversas y en el caso de los doctorados tienen que ver con la crisis de Colciencias, que tiene muy poco presupuesto. Este a\u00f1o escasamente llega a los $400.000 millones que es menos que el a\u00f1o pasado. Hace siete a\u00f1os el presupuesto era de $650.000 millones.<br \/>\nLo que pasa es que el Gobierno, en los \u00faltimos a\u00f1os, ha desinvertido en ciencia y tecnolog\u00eda. Entonces cuando Colciencias tiene menos plata, le da menos becas a las universidades. Pueden ser cerca de 180 becas que se dejaron de asignar.<\/p>\n<p><strong>\u00bfQu\u00e9 se puede hacer para recuperar esas becas?<\/strong><\/p>\n<p>Es importante que la empresa privada se vincule, que recursos de regal\u00edas se destinen para ciencia y tecnolog\u00eda. Estoy convencido que el sector productivo nos puede generar esas becas. Estoy conversando con conglomerados econ\u00f3micos (del sector portuario, log\u00edstica, alimentos, financiero) para decirles que la empresa privada s\u00ed tiene doctores. En Colombia el 94 % de los doctores son acad\u00e9micos -profesores- en la Uni\u00f3n Europea el 88 % est\u00e1n en el sector productivo.<\/p>\n<p><strong>Cambiemos de tema. \u00bfQu\u00e9 pas\u00f3 con la investigaci\u00f3n de los casos de suicidio de los estudiantes de la Facultad de Salud de Univalle?<\/strong><\/p>\n<p>Hubo una denuncia medi\u00e1tica y nosotros intervenimos y estamos trabajando en acompa\u00f1amiento a los estudiantes. Tenemos monitoreados los casos de j\u00f3venes con tendencias suicidas&#8230; el tema se ha parado pero no me hago ilusiones, s\u00e9 que se puede reanudar. Estamos focalizados en trabajar en la prevenci\u00f3n, hay expertos que est\u00e1n haciendo programas de anticipaci\u00f3n.<\/p>\n<p><strong>\u00bfPero se determin\u00f3 por qu\u00e9, principalmente, son los estudiantes del \u00e1rea de la Facultad de Salud los que se suicidan?<\/strong><\/p>\n<p>No hay un dato concluyente que permitan decir por qu\u00e9 se suicidan pero s\u00ed sabemos porqu\u00e9 no se suicida: no es por razones acad\u00e9micas, porque muchos de ellos iban bien en sus calificaciones. Hay temas psicosociales, de crianza, econ\u00f3micos, etc&#8230; hay temas que tienen que ver m\u00e1s con asuntos generacionales de los millennials -persona que lleg\u00f3 a su etapa adulta despu\u00e9s del a\u00f1o 2000-, que no est\u00e1n acostumbrados a la frustraci\u00f3n y que son sobreprotegidos por sus familias; otro tipo de generaci\u00f3n que no tiene las mismas fortalezas que otras menos dotadas de recursos.<\/p>\n<p><strong>Para terminar, \u00bfc\u00f3mo va el tema del consumo de drogas en Univalle, el famoso \u2018Aeropuerto\u2019 -punto donde se consume droga- a\u00fan existe?<\/strong><\/p>\n<p>Una de las cosas que m\u00e1s me satisface de haber ocupado el cargo como rector de Univalle es haber tomado la decisi\u00f3n de erradicar el tr\u00e1fico de drogas del campus universitario -de Mel\u00e9ndez-. Yo le quiero se\u00f1alar que ese tr\u00e1fico est\u00e1 reducido a cosas muy peque\u00f1as del 5 % o el 8 % frente al volumen que exist\u00eda. Si usted va a Univalle ya no encuentra expendios de drogas. Hab\u00eda un sector, que es el que usted cita como \u2018Aeropuerto\u2019, donde se encontraban hasta 300 personas consumiendo -drogas- al medio d\u00eda, si hoy va al sitio hay unos reductos que no pasan de 40 personas.<\/p>\n<p><strong>\u00bfEn qu\u00e9 consiste la acreditaci\u00f3n multicampus?<\/strong><\/p>\n<p>Univalle es una de las cuatro universidades acreditadas del pa\u00eds a diez a\u00f1os. Esta es una de las distinciones de m\u00e1s alto nivel. Lo nuevo es que el CNA -Consejo Nacional de Acreditaci\u00f3n- considera conveniente el modelo multicampus para no solo acreditar la sede principal sino todas sus sedes (en el Valle del Cauca). Nosotros para tener \u00e9xito en la pr\u00f3xima acreditaci\u00f3n, necesitamos con tiempo mejorar la calidad de nuestro sistema de regionalizaci\u00f3n. Para eso convocamos un concurso para 39 cupos de profesores de carrera y se posesionaron, la mayor\u00eda, el 2 de enero. Este a\u00f1o present\u00e9 la propuesta de ampliar en 90 cupos las plazas de car- gos de la universidad, la mayor\u00eda ir\u00e1n a las sedes regionales.<\/p>\n<\/div>\n","protected":false},"excerpt":{"rendered":"<p>Agencia de Noticias Univalle Tomado del diario El Pa\u00eds Un ambicioso plan para aumentar cupos y carreras profesionales, la inequidad de distribuci\u00f3n de recursos de \u2018Ser Pilo Paga\u2019 y la disminuci\u00f3n del consumo de drogas en el campus de Mel\u00e9ndez son algunos de los temas acerca de los cuales el[&#8230;]<\/p>\n","protected":false},"author":1,"featured_media":19716,"comment_status":"open","ping_status":"open","sticky":false,"template":"","format":"standard","meta":{"footnotes":""},"categories":[4],"tags":[],"_links":{"self":[{"href":"https:\/\/emisora.univalle.edu.co\/index.php\/wp-json\/wp\/v2\/posts\/19715"}],"collection":[{"href":"https:\/\/emisora.univalle.edu.co\/index.php\/wp-json\/wp\/v2\/posts"}],"about":[{"href":"https:\/\/emisora.univalle.edu.co\/index.php\/wp-json\/wp\/v2\/types\/post"}],"author":[{"embeddable":true,"href":"https:\/\/emisora.univalle.edu.co\/index.php\/wp-json\/wp\/v2\/users\/1"}],"replies":[{"embeddable":true,"href":"https:\/\/emisora.univalle.edu.co\/index.php\/wp-json\/wp\/v2\/comments?post=19715"}],"version-history":[{"count":1,"href":"https:\/\/emisora.univalle.edu.co\/index.php\/wp-json\/wp\/v2\/posts\/19715\/revisions"}],"predecessor-version":[{"id":19717,"href":"https:\/\/emisora.univalle.edu.co\/index.php\/wp-json\/wp\/v2\/posts\/19715\/revisions\/19717"}],"wp:featuredmedia":[{"embeddable":true,"href":"https:\/\/emisora.univalle.edu.co\/index.php\/wp-json\/wp\/v2\/media\/19716"}],"wp:attachment":[{"href":"https:\/\/emisora.univalle.edu.co\/index.php\/wp-json\/wp\/v2\/media?parent=19715"}],"wp:term":[{"taxonomy":"category","embeddable":true,"href":"https:\/\/emisora.univalle.edu.co\/index.php\/wp-json\/wp\/v2\/categories?post=19715"},{"taxonomy":"post_tag","embeddable":true,"href":"https:\/\/emisora.univalle.edu.co\/index.php\/wp-json\/wp\/v2\/tags?post=19715"}],"curies":[{"name":"wp","href":"https:\/\/api.w.org\/{rel}","templated":true}]}}