{"id":19723,"date":"2018-02-02T15:07:38","date_gmt":"2018-02-02T20:07:38","guid":{"rendered":"https:\/\/emisora.univalle.edu.co\/?p=19723"},"modified":"2018-02-02T15:07:48","modified_gmt":"2018-02-02T20:07:48","slug":"socializacion-del-plan-estrategico-de-emcali-2018-2023","status":"publish","type":"post","link":"https:\/\/emisora.univalle.edu.co\/index.php\/socializacion-del-plan-estrategico-de-emcali-2018-2023\/","title":{"rendered":"Socializaci\u00f3n del Plan Estrat\u00e9gico de Emcali 2018 &#8211; 2023"},"content":{"rendered":"<p>La Universidad del Valle y las Empresas Municipales de Cali &#8211; EMCALI presentaron hoy en el Coliseo Alberto Le\u00f3n Betancur del campus de Mel\u00e9ndez, el \u2018Plan estrat\u00e9gico de EMCALI EICE ESP 2018 &#8211; 2023\u2019.<\/p>\n<p>Desde el pasado mes de octubre, Univalle asesor\u00f3 a la empresa responsable de administrar la red de servicios p\u00fablicos de la ciudad, en la construcci\u00f3n de una hoja de ruta que ser\u00e1 implementada durante los pr\u00f3ximos cinco a\u00f1os.<\/p>\n<p>La elaboraci\u00f3n de este Plan Estrat\u00e9gico cont\u00f3 con la participaci\u00f3n de la Junta Directiva de Emcali, el comit\u00e9 gerencial y un equipo de consultores expertos del Instituto de Prospectiva, Innovaci\u00f3n y Gesti\u00f3n del Conocimiento de la Universidad del Valle.<\/p>\n<p>Una de las principales conclusiones que arroj\u00f3 el estudio sugiere que Emcali requiere implementar un modelo sist\u00e9mico de gobernanza corporativa con est\u00e1ndares internacionales. Esto para blindar a la empresa de intereses no corporativos en la adopci\u00f3n de planes estrat\u00e9gicos, la toma de decisiones, las inversiones y la gesti\u00f3n &#8211; operaci\u00f3n de los servicios.<\/p>\n<p>\u201cEMCALI a\u00fan tiene una oportunidad muy importante de sobrevivir, pero para ello se necesitan tomar decisiones claras y radicales en varios ejes, iniciando por la gobernanza. La empresa debe estructurar una serie de propuestas, elaboradas por la Universidad del Valle en consenso con varios actores internos y con la Alcald\u00eda, relacionadas con el ejercicio de la profesionalizaci\u00f3n, el desempe\u00f1o de la alta gerencia y los esquemas corporativos de direcci\u00f3n, para otorgarle mayor autonom\u00eda operacional a las unidades de negocio, entre otros aspectos\u201d, dijo el rector de la Universidad del Valle Edgar Varela Barrios.<\/p>\n<p>Instituto de Prospectiva de la Universidad del Valle tambi\u00e9n sugiere que Emcali tiene que cuidar sus fuentes naturales de agua y ayudar a proteger los recursos naturales y que Telco (la unidad encargada de las telecomunicaciones), no debe continuar generando p\u00e9rdidas y en el corto plazo debe innovar en negocios que generen utilidades.<\/p>\n<p>Pero, \u00bfc\u00f3mo lograr esto? Univalle indica que TELCO tiene que reinventarse, enfoc\u00e1ndose en las nuevas tendencias de las Tecnolog\u00edas de la Informaci\u00f3n y la Comunicaci\u00f3n &#8211; TIC aprovechando el conocimiento, la capacidad, la velocidad y la infraestructura de la que disponen.<\/p>\n<p>De igual manera, se\u00f1ala que para garantizar la provisi\u00f3n eficiente de los servicios de agua y saneamiento b\u00e1sico, Emcali mejorar\u00e1 su funcionamiento operativo, reducir\u00e1 las p\u00e9rdidas,<br \/>\ngarantizar\u00e1 la calidad de los servicios que ofrece, incursionar\u00e1 en nuevos mercados con productos y servicios (lodos, sistemas sostenibles de drenaje, gesti\u00f3n de aguas residuales, aseo urbano) y adoptar\u00e1 la tecnolog\u00eda de filtraci\u00f3n de lecho de r\u00edo.<\/p>\n<p>Por otro lado, Univalle sugiere que la unidad de negocio enfocada a la energ\u00eda, debe dirigir sus esfuerzos hacia el desarrollo de nuevos mercados (expansi\u00f3n zonas POT, movilidad el\u00e9ctrica, distritos t\u00e9rmicos), desarrollar las capacidades de generaci\u00f3n (tecnolog\u00edas alternativas y generaci\u00f3n distribuida) y fortalecer la comercializaci\u00f3n y distribuci\u00f3n de energ\u00eda en la ciudad.<\/p>\n<p>\u201cCon el acompa\u00f1amiento de Univalle, la decisi\u00f3n pol\u00edtica de la alcald\u00eda y los directivos, contando con la participaci\u00f3n de los sindicatos de trabajadores y empleados, en busca de un pacto de gobernabilidad y de blindaje de la empresa de cara a la ciudadan\u00eda, y el compromiso de los empresarios, clase pol\u00edtica, sociedad civil y los clientes, Emcali saldr\u00e1 adelante y volver\u00e1 a ser la gran empresa p\u00fablica orgullo y patrimonio de cale\u00f1os y vallecaucanos\u201d, se\u00f1al\u00f3 Edgar Varela.<\/p>\n","protected":false},"excerpt":{"rendered":"<p>La Universidad del Valle y las Empresas Municipales de Cali &#8211; EMCALI presentaron hoy en el Coliseo Alberto Le\u00f3n Betancur del campus de Mel\u00e9ndez, el \u2018Plan estrat\u00e9gico de EMCALI EICE ESP 2018 &#8211; 2023\u2019. Desde el pasado mes de octubre, Univalle asesor\u00f3 a la empresa responsable de administrar la red[&#8230;]<\/p>\n","protected":false},"author":1,"featured_media":19724,"comment_status":"open","ping_status":"open","sticky":false,"template":"","format":"standard","meta":{"footnotes":""},"categories":[4],"tags":[],"_links":{"self":[{"href":"https:\/\/emisora.univalle.edu.co\/index.php\/wp-json\/wp\/v2\/posts\/19723"}],"collection":[{"href":"https:\/\/emisora.univalle.edu.co\/index.php\/wp-json\/wp\/v2\/posts"}],"about":[{"href":"https:\/\/emisora.univalle.edu.co\/index.php\/wp-json\/wp\/v2\/types\/post"}],"author":[{"embeddable":true,"href":"https:\/\/emisora.univalle.edu.co\/index.php\/wp-json\/wp\/v2\/users\/1"}],"replies":[{"embeddable":true,"href":"https:\/\/emisora.univalle.edu.co\/index.php\/wp-json\/wp\/v2\/comments?post=19723"}],"version-history":[{"count":1,"href":"https:\/\/emisora.univalle.edu.co\/index.php\/wp-json\/wp\/v2\/posts\/19723\/revisions"}],"predecessor-version":[{"id":19725,"href":"https:\/\/emisora.univalle.edu.co\/index.php\/wp-json\/wp\/v2\/posts\/19723\/revisions\/19725"}],"wp:featuredmedia":[{"embeddable":true,"href":"https:\/\/emisora.univalle.edu.co\/index.php\/wp-json\/wp\/v2\/media\/19724"}],"wp:attachment":[{"href":"https:\/\/emisora.univalle.edu.co\/index.php\/wp-json\/wp\/v2\/media?parent=19723"}],"wp:term":[{"taxonomy":"category","embeddable":true,"href":"https:\/\/emisora.univalle.edu.co\/index.php\/wp-json\/wp\/v2\/categories?post=19723"},{"taxonomy":"post_tag","embeddable":true,"href":"https:\/\/emisora.univalle.edu.co\/index.php\/wp-json\/wp\/v2\/tags?post=19723"}],"curies":[{"name":"wp","href":"https:\/\/api.w.org\/{rel}","templated":true}]}}