{"id":19739,"date":"2018-02-07T17:19:21","date_gmt":"2018-02-07T22:19:21","guid":{"rendered":"https:\/\/emisora.univalle.edu.co\/?p=19739"},"modified":"2018-02-07T17:19:21","modified_gmt":"2018-02-07T22:19:21","slug":"la-movilidad-asunto-de-interes-para-univalle","status":"publish","type":"post","link":"https:\/\/emisora.univalle.edu.co\/index.php\/la-movilidad-asunto-de-interes-para-univalle\/","title":{"rendered":"La movilidad, asunto de inter\u00e9s para Univalle"},"content":{"rendered":"<p>El mundo est\u00e1 cambiando su visi\u00f3n sobre la movilidad. Muchos pa\u00edses desarrollados tienen una pol\u00edtica p\u00fablica para impulsar la movilidad sostenible, sin contaminaci\u00f3n, desplazando algunos medios de transporte tradicionales.<\/p>\n<p>A nivel nacional tambi\u00e9n se han logrado cambios y en Cali se han tomado medidas como la de ampliar los kil\u00f3metros de bicicarriles para estimular el deporte y el transporte a pie o en bicicleta.<\/p>\n<p>La Universidad del Valle desde hace varios a\u00f1os viene en un proceso de cambio en algunos aspectos relacionados con la movilidad y la seguridad. En el 2015 abri\u00f3 un parqueadero exclusivo para motos, a un costado de la calle 100, dentro del campus de Mel\u00e9ndez para ubicar, en un solo lugar, m\u00e1s de 800 motos que en ese entonces ingresaban a la universidad.<\/p>\n<p>En el mismo a\u00f1o inaugur\u00f3 el primer tramo del carril para bicicletas, sobre la avenida Garc\u00e9s Giraldo, cambiando las costumbres y forma de circular y parquear de conductores y ciclistas, elevando a prioridad la movilidad sostenible.<\/p>\n<p>Algunos de los avances significativos en el cambio de movilidad han sido liderados por el profesional en estudios pol\u00edticos y resoluci\u00f3n de conflictos Juan David Santamar\u00eda Mesa. Parte de los procesos de cambio fueron concebidos durante la realizaci\u00f3n de su tesis de grado.<\/p>\n<p>Ahora como estudiante de la Maestr\u00eda en Pol\u00edticas P\u00fablicas de la Universidad del Valle, Juan David ha continuado madurando algunas ideas relativas a la circulaci\u00f3n por el Campus, por ello lo entrevistamos con la intenci\u00f3n de conocer detalles del cambio en la universidad.<\/p>\n<p><strong>\u00bfQu\u00e9 ha pasado con la movilidad en la Universidad del Valle, desde el 2015?<\/strong><\/p>\n<p><strong>Juan David Santamar\u00eda Mesa:<\/strong>\u00a0Han pasado varias cosas. primero se ampli\u00f3 la ciclo-ruta a todo el circuito del campus de Mel\u00e9ndez, lo que permiti\u00f3 generar una mejor cultura vial y respeto por el ciclista y peat\u00f3n, eso fue un logro importante para la comunidad que se mueve en este medio de transporte. Tambi\u00e9n se evidencio una mayor inclusi\u00f3n de estos usuarios a la pol\u00edtica ambiental, anteriormente no se sab\u00eda una cifra exacta de cuantas bicicletas transitaban al interior del campus, despu\u00e9s del trabajo que se ha venido desarrollando podemos decir que hay 3.000 ciclistas en toda la universidad y sus sedes.<\/p>\n<p><strong>\u00bfCon el parqueadero de motos ubicado cerca a la Calle 100 del campus de Mel\u00e9ndez, ha mejorado la movilidad?<\/strong><\/p>\n<p>S\u00ed, notablemente. Era un parqueadero abandonado, sin iluminaci\u00f3n y este trabajo en conjunto con las secciones de seguridad y mantenimiento, permitieron disminuir los hurtos de motos.<\/p>\n<p>En el 2017, continuando con el trabajo la vicerrector\u00eda administrativa y sus dependencias logramos que este parqueadero ampliara su capacidad a mil cupos y ahora cuenta con mayor seguridad y la cifra de hurtos de motos es pr\u00e1cticamente nula.<\/p>\n<p><strong>\u00bfLa comunidad acogi\u00f3 los biciparqueaderos?<\/strong><\/p>\n<p>En el 2015 la Universidad del Valle ten\u00eda 25 bici estacionamientos en el campus de Mel\u00e9ndez, dos a\u00f1os m\u00e1s tarde se hab\u00edan instalado 60 parqueaderos adicionales para Mel\u00e9ndez, uno en cada edificio, para darle facilidad al ciclista de llegar hasta su edificio.<\/p>\n<p>El 2017 fue muy importante dado que se instalaron en las sedes regionales un total de 33 biciestacionamientos. En la sede de Buga, por ejemplo, se not\u00f3 considerablemente el aumento de uso de este medio de transporte.<\/p>\n<p><strong>\u00bfC\u00f3mo es el uso de la bicicleta en la sede San Fernando?<\/strong><\/p>\n<p>Con los estudiantes se logr\u00f3 que todo lo que se hace en el Campus de Mel\u00e9ndez se lleve al campus de San Fernando y sedes regionales, buscando hacer eco del lema \u00a8 Univalle es una sola\u00a8. En San Fernando tienen 10 bici estacionamientos rojos y la segunda estaci\u00f3n de reparaci\u00f3n de bicicletas, un logro en el a\u00f1o 2017.<\/p>\n<p>El 22 de septiembre del a\u00f1o pasado, a los estudiantes que participaron en el tercer d\u00eda sin carro en todos los campus de la instituci\u00f3n y en el marco del d\u00eda mundial sin carro y sin moto, se les entreg\u00f3 una camiseta, una botella de agua y reflectivos, en un evento organizado de la mano con la Vicerrector\u00eda de Bienestar Universitario y la Rector\u00eda.<\/p>\n<p><strong>\u00bfC\u00f3mo fue el d\u00eda sin carro que por primera vez se realiz\u00f3 a nivel regional, es decir, en todas las sedes?<\/strong><\/p>\n<p>Fue apote\u00f3sico en las sedes regionales. El trabajo se desarroll\u00f3 con Regionalizaci\u00f3n y los directores de las sedes. La Vicerrector\u00eda de Bienestar Universitario fue clave y hay que destacar la importancia que tuvo la Universidad del Valle a nivel departamental con este evento. Sedes como Cartago, Yumbo, Buenaventura, Tulu\u00e1, Zarzal mostraron mucho poder de convocatoria y en otras sedes, como Norte del Cauca, Caicedonia y Palmira, se not\u00f3 la articulaci\u00f3n con las alcald\u00edas y la aceptaci\u00f3n de la propuesta. En Palmira fue tambi\u00e9n d\u00eda sin carro y sin moto en la ciudad.\u00a0Tambi\u00e9n se organizaron eventos culturales, deportivos que terminaron con un ciclo paseo.<\/p>\n<p><strong>\u00bfEn la Universidad hay una estaci\u00f3n de reparaci\u00f3n de bicicletas, c\u00f3mo se concibi\u00f3 la idea?<\/strong><\/p>\n<p>Bueno una vez est\u00e1bamos exponiendo los avances obtenidos en Univalle en el foro mundial de la bicicleta, en M\u00e9xico, y vimos como en la ciudad hab\u00eda estaciones de reparaci\u00f3n gratuitas, para despinchar, cambiar una pieza de la bicicleta o apretar tuercas con las llaves. Y todo gratis.<\/p>\n<p>Decidimos primero mirar en Cali quien la pod\u00eda hacer. Afortunadamente entre los miembros del colectivo \u00a8Univalle en bicicleta\u00a8 hab\u00eda una persona que conoc\u00eda a una peque\u00f1a empresa que estaba innovando en temas relacionados con la bicicleta y el medio ambiente y le solicitamos una cotizaci\u00f3n. La Vicerrector\u00eda Administrativa inici\u00f3 el proceso de adquisici\u00f3n y se instal\u00f3 en octubre y luego de algunos ajustes, en diciembre se instal\u00f3 en el campus de San Fernando. Lo ideal es llevar las estaciones a las sedes regionales.<\/p>\n<p><strong>\u00bfQu\u00e9 recomienda, en materia de seguridad, para los ciclistas que vienen a la universidad?<\/strong><\/p>\n<p>Primero que no la dejen mal asegurada y utilicen un buen candado y cadena de seguridad, que le pasen revisi\u00f3n continua y que usen el casco, silbato y chaleco reflectivo, transiten por el bicicarril, utilicen las herramientas de la biciestaci\u00f3n de reparaci\u00f3n y reporten cualquier situaci\u00f3n irregular al vigilante.<\/p>\n<p>La seguridad es un compromiso de todos; nosotros estamos en redes sociales como univalle en bicicleta, hay un correo de la secci\u00f3n de seguridad y vigilancia\u00a0<a href=\"mailto:seguridad.vigilancia@correounivalle.edu.co\">seguridad.vigilancia@correounivalle.edu.co<\/a>\u00a0un tel\u00e9fono 321-21-40.<\/p>\n<p>Considero que el utilizar todas estas sugerencias y ense\u00f1ar el carnet en las porter\u00edas ayudan a disminuir el riesgo de hurto.<\/p>\n<p><strong>\u00bfY para autom\u00f3viles y motociclistas que transitan en la Universidad?<\/strong><\/p>\n<p>Primero respeto por la ciclo-ruta que es un logro de muchos estudiantes que, en su momento, reclamamos mejores condiciones de movilidad y como tal deben estacionar sus veh\u00edculos sin bloquear la ciclo ruta.<\/p>\n<p>La ley 1811 de 2016 proh\u00edbe el estacionamiento en ciclo rutas y exige darle prelaci\u00f3n en los cruces a las bicicletas.<\/p>\n<p>Para las motocicletas que aun ingresan, se le sugiere transitar con cuidado, a un m\u00e1ximo de 30 KM\/h, pues el campus de Mel\u00e9ndez es h\u00e1bitat de muchas especies animales y la pol\u00edtica ambiental de la universidad demanda una protecci\u00f3n.<\/p>\n<p>A los usuarios del parqueadero, dejar sus cascos asegurados, ense\u00f1ar la tarjeta de propiedad al ingreso y salida, no dejar la motocicleta en los pasillos de entrada y salida, reportar cualquier anomal\u00eda.<\/p>\n<p><strong>\u00bfQue viene para este 2018 en materia de movilidad?<\/strong><\/p>\n<p>Queremos mostrar todos los avances y logros, los resultados del d\u00eda sin carro, las mediciones del aire, los rankings en los que la Universidad del Valle participa en el tema de movilidad, en el VI Foro Mundial de la Bicicleta, en Lima Per\u00fa<\/p>\n<p>Organizar una competencia cicl\u00edstica en septiembre pues la idea es hacer una carrera de bicicletas por categor\u00edas en la ma\u00f1ana y en la tarde el ciclo paseo.<\/p>\n<p>En esta idea queremos contar con la participaci\u00f3n de las nueve sedes regionales, el canal universitario la emisora, la Vicerrector\u00eda de Bienestar y la Administrativa con las secciones de seguridad y mantenimiento, la Rector\u00eda y especialmente la comunidad universitaria.<\/p>\n<p>Continuar con la idea de conseguir bicicletas p\u00fablicas en el Campus universitario para movilizarse al interior y posteriormente en las sedes, para que el estudiante vaya almuerce a su casa y regrese en una bicicleta prestada por la Universidad.<\/p>\n<p>Seguir con el primer lugar en ser la universidad de Cali con mayor concentraci\u00f3n de bicicletas y promotora de este medio de transporte.<\/p>\n<p>Por \u00faltimo, agradecer a todas las personas desde secretarias, funcionarios, profesores estudiantes que ven en la bicicleta un medio alternativo de transporte y a la administraci\u00f3n de la Universidad del Valle, sin ellos este avance no hubiera sido posible, el mejor a\u00f1o hasta el momento fue el 2017, la verdad se logr\u00f3 avanzar mucho y espero que esto me sirva para poder pensar en una pol\u00edtica p\u00fablica a nivel regional o nacional a futuro.<\/p>\n","protected":false},"excerpt":{"rendered":"<p>El mundo est\u00e1 cambiando su visi\u00f3n sobre la movilidad. Muchos pa\u00edses desarrollados tienen una pol\u00edtica p\u00fablica para impulsar la movilidad sostenible, sin contaminaci\u00f3n, desplazando algunos medios de transporte tradicionales. A nivel nacional tambi\u00e9n se han logrado cambios y en Cali se han tomado medidas como la de ampliar los kil\u00f3metros[&#8230;]<\/p>\n","protected":false},"author":1,"featured_media":19740,"comment_status":"open","ping_status":"open","sticky":false,"template":"","format":"standard","meta":{"footnotes":""},"categories":[4],"tags":[],"_links":{"self":[{"href":"https:\/\/emisora.univalle.edu.co\/index.php\/wp-json\/wp\/v2\/posts\/19739"}],"collection":[{"href":"https:\/\/emisora.univalle.edu.co\/index.php\/wp-json\/wp\/v2\/posts"}],"about":[{"href":"https:\/\/emisora.univalle.edu.co\/index.php\/wp-json\/wp\/v2\/types\/post"}],"author":[{"embeddable":true,"href":"https:\/\/emisora.univalle.edu.co\/index.php\/wp-json\/wp\/v2\/users\/1"}],"replies":[{"embeddable":true,"href":"https:\/\/emisora.univalle.edu.co\/index.php\/wp-json\/wp\/v2\/comments?post=19739"}],"version-history":[{"count":1,"href":"https:\/\/emisora.univalle.edu.co\/index.php\/wp-json\/wp\/v2\/posts\/19739\/revisions"}],"predecessor-version":[{"id":19741,"href":"https:\/\/emisora.univalle.edu.co\/index.php\/wp-json\/wp\/v2\/posts\/19739\/revisions\/19741"}],"wp:featuredmedia":[{"embeddable":true,"href":"https:\/\/emisora.univalle.edu.co\/index.php\/wp-json\/wp\/v2\/media\/19740"}],"wp:attachment":[{"href":"https:\/\/emisora.univalle.edu.co\/index.php\/wp-json\/wp\/v2\/media?parent=19739"}],"wp:term":[{"taxonomy":"category","embeddable":true,"href":"https:\/\/emisora.univalle.edu.co\/index.php\/wp-json\/wp\/v2\/categories?post=19739"},{"taxonomy":"post_tag","embeddable":true,"href":"https:\/\/emisora.univalle.edu.co\/index.php\/wp-json\/wp\/v2\/tags?post=19739"}],"curies":[{"name":"wp","href":"https:\/\/api.w.org\/{rel}","templated":true}]}}