{"id":19761,"date":"2018-02-08T16:22:33","date_gmt":"2018-02-08T21:22:33","guid":{"rendered":"https:\/\/emisora.univalle.edu.co\/?p=19761"},"modified":"2018-02-08T16:22:33","modified_gmt":"2018-02-08T21:22:33","slug":"vuelve-anti-san-valentin-expresiones-del-desamor","status":"publish","type":"post","link":"https:\/\/emisora.univalle.edu.co\/index.php\/vuelve-anti-san-valentin-expresiones-del-desamor\/","title":{"rendered":"Vuelve Anti San Valent\u00edn, expresiones del desamor"},"content":{"rendered":"<p>Entre el 12 y el 16 de febrero la Biblioteca Mario Carvajal de la Universidad del Valle realizar\u00e1 la tercera jornada \u201cAnti San Valent\u00edn: expresiones del desamor\u201d, con el objeto de fortalecer un espacio expositivo para que los usuarios plasmen sus ideas, expresiones y pensamientos sobre esta tem\u00e1tica.<\/p>\n<p>El usuario como lector, es tambi\u00e9n escritor y protagonista del desamor. Durante esta jornada, la Divisi\u00f3n de Bibliotecas desarrollar\u00e1 actividades acad\u00e9micas, l\u00fadicas y recreativas con las que espera dar voz a los autores y personajes que narran su particular forma de entender este fen\u00f3meno.<\/p>\n<p><strong>Programaci\u00f3n<\/strong><\/p>\n<p><strong>Exposici\u00f3n. Mural del despecho<\/strong><\/p>\n<p>Del 12 al 16 de febrero<\/p>\n<p>Entrada de la Biblioteca Mario Carvajal<\/p>\n<p>&nbsp;<\/p>\n<p><strong>Muestra de material bibliogr\u00e1fico y audiovisual.<\/strong><\/p>\n<p>Del 12 al 16 de febrero<\/p>\n<p>Edificio Biblioteca Mario Carvajal<\/p>\n<p>&nbsp;<\/p>\n<p><strong>Taller de Collage poes\u00eda \/ poes\u00eda visual \u2013 Coraz\u00f3n de agua<\/strong><\/p>\n<p>Febrero 14 \u2013 Sala Mutis, 6:15 pm<\/p>\n<p>Dictado por el grupo de poes\u00eda de la Universidad del Valle \u00abPrin La L\u00e1\u00bb. Se trabajar\u00e1n con versos de distintos poemas de desamor para construir varias im\u00e1genes o composiciones visuales con la t\u00e9cnica pl\u00e1stica collage.\u00a0Los participantes deben traer: Tijera, vari@s revistas o libros con ilustraciones, im\u00e1genes y\/o fotograf\u00edas, pega stick o ega.<\/p>\n<p>&nbsp;<\/p>\n<p><strong>Audici\u00f3n musical did\u00e1ctica.<\/strong><\/p>\n<p>Las tendencias del desamor en la musicalidad del siglo XXI<\/p>\n<p>La juventud del siglo XXI rompe con la libertad del Romanticismo para caer en brazos del libertinaje del siglo XX<\/p>\n<p>A cargo de Rafael Mar\u00eda Garc\u00eda Orozco, el del \u201cChuzo de Rafa\u201d<\/p>\n<p>Viernes 16 \/ 10:00 a.m. \/ Auditorio \u00c1ngel Zapata<\/p>\n<p>&nbsp;<\/p>\n<p><strong>Ciclos de Cine<\/strong><\/p>\n<p>Durante todo febrero se realizar\u00e1n ciclos de cine en los campus de Mel\u00e9ndez y San Fernando y en las sedes Zarzal y Caicedonia.<\/p>\n<p>&nbsp;<\/p>\n<p><strong>Biblioteca Mario Carvajal<\/strong><\/p>\n<p>Martes \/ 4:00 p.m. \/ auditorio \u00c1ngel Zapata<\/p>\n<p>Febrero 13. El lado oscuro del coraz\u00f3n (1992) Eliseo Subiela. 125 min<\/p>\n<p>Febrero 20. Pendiente por prograrmar<\/p>\n<p>&nbsp;<\/p>\n<p><strong>Biblioteca San Fernando<\/strong><\/p>\n<p>Martes y jueves\/ 6:00 p.m. \/ auditorio Ives Chatain<\/p>\n<p>Febrero 8. Restless (2011). Gus Van Sant. 91 min<\/p>\n<p>Febrero 13. Los amantes del c\u00edrculo polar (1998). Julio M\u00e9dem. 114 min<\/p>\n<p>Febrero 15. Embriagado de amor (2002). Paul Thomas Anderson. 89 min<\/p>\n<p>Febrero 20. One Day = Siempre el mismo d\u00eda (2011). Lone Scherfig. 108 min<\/p>\n<p>Febrero 22. Tres colores: Blanco (1994). Krzysztof Kieslowski. 92 min<\/p>\n<p>Febrero 27. Annie Hall (1977). Woody Allen. 93 min<\/p>\n<p>&nbsp;<\/p>\n<p><strong>Sede Caicedonia<\/strong><\/p>\n<p>Jueves \/ 7:00 p.m. \/ Cra 14 # 4 \u2013 48<\/p>\n<p>Febrero 8. Hannah y sus hermanas (1986). Woody Allen. 106 min<\/p>\n<p>Febrero 15. Betty Blue (1986). Jean-Jacques Beineix. 120 min<\/p>\n<p>Febrero 22. Jules y Jim (1961). Fran\u00e7ois Truffaut. 104 min<\/p>\n<p>&nbsp;<\/p>\n<p><strong>Sede Zarzal<\/strong><\/p>\n<p>Jueves \/ 12:00 m. y 7:00 p.m. \/ Auditorio \u00c1lvaro Perea<\/p>\n<p>Febrero 8. Los puentes de Madison (1995). Clint Eastwood. 135 min<\/p>\n<p>Febrero 15. Closer = Cegados por el deseo. Mike Nichols. 104 min<\/p>\n<p>Febrero 22. Solo un sue\u00f1o = Revolutionary Road (2008). Sam Mendes. 119 min<\/p>\n<p>&nbsp;<\/p>\n<p>Cine foro de Psicolog\u00eda<\/p>\n<p>Lunes \/ 2:00 p.m. \/ Sal\u00f3n 300 \/ Sede Zarzal<\/p>\n<p>Febrero 26. Un m\u00e9todo peligroso (2011). Dir: David Cronenberg. 93 min<\/p>\n","protected":false},"excerpt":{"rendered":"<p>Entre el 12 y el 16 de febrero la Biblioteca Mario Carvajal de la Universidad del Valle realizar\u00e1 la tercera jornada \u201cAnti San Valent\u00edn: expresiones del desamor\u201d, con el objeto de fortalecer un espacio expositivo para que los usuarios plasmen sus ideas, expresiones y pensamientos sobre esta tem\u00e1tica. El usuario[&#8230;]<\/p>\n","protected":false},"author":1,"featured_media":19762,"comment_status":"open","ping_status":"open","sticky":false,"template":"","format":"standard","meta":{"footnotes":""},"categories":[4],"tags":[],"_links":{"self":[{"href":"https:\/\/emisora.univalle.edu.co\/index.php\/wp-json\/wp\/v2\/posts\/19761"}],"collection":[{"href":"https:\/\/emisora.univalle.edu.co\/index.php\/wp-json\/wp\/v2\/posts"}],"about":[{"href":"https:\/\/emisora.univalle.edu.co\/index.php\/wp-json\/wp\/v2\/types\/post"}],"author":[{"embeddable":true,"href":"https:\/\/emisora.univalle.edu.co\/index.php\/wp-json\/wp\/v2\/users\/1"}],"replies":[{"embeddable":true,"href":"https:\/\/emisora.univalle.edu.co\/index.php\/wp-json\/wp\/v2\/comments?post=19761"}],"version-history":[{"count":1,"href":"https:\/\/emisora.univalle.edu.co\/index.php\/wp-json\/wp\/v2\/posts\/19761\/revisions"}],"predecessor-version":[{"id":19763,"href":"https:\/\/emisora.univalle.edu.co\/index.php\/wp-json\/wp\/v2\/posts\/19761\/revisions\/19763"}],"wp:featuredmedia":[{"embeddable":true,"href":"https:\/\/emisora.univalle.edu.co\/index.php\/wp-json\/wp\/v2\/media\/19762"}],"wp:attachment":[{"href":"https:\/\/emisora.univalle.edu.co\/index.php\/wp-json\/wp\/v2\/media?parent=19761"}],"wp:term":[{"taxonomy":"category","embeddable":true,"href":"https:\/\/emisora.univalle.edu.co\/index.php\/wp-json\/wp\/v2\/categories?post=19761"},{"taxonomy":"post_tag","embeddable":true,"href":"https:\/\/emisora.univalle.edu.co\/index.php\/wp-json\/wp\/v2\/tags?post=19761"}],"curies":[{"name":"wp","href":"https:\/\/api.w.org\/{rel}","templated":true}]}}