{"id":19764,"date":"2018-02-13T11:06:22","date_gmt":"2018-02-13T16:06:22","guid":{"rendered":"https:\/\/emisora.univalle.edu.co\/?p=19764"},"modified":"2018-02-13T11:06:22","modified_gmt":"2018-02-13T16:06:22","slug":"el-huv-se-recupera-de-la-mano-de-univalle","status":"publish","type":"post","link":"https:\/\/emisora.univalle.edu.co\/index.php\/el-huv-se-recupera-de-la-mano-de-univalle\/","title":{"rendered":"El HUV se recupera de la mano de Univalle"},"content":{"rendered":"<p>El Hospital Universitario del Valle se est\u00e1 recuperando de la mano de la Gobernaci\u00f3n, la Universidad del Valle y del personal de salud y administrativo que labora en dicha instituci\u00f3n.<\/p>\n<p>As\u00ed lo manifest\u00f3 el rector de la Universidad del Valle Edgar Varela Barrios: \u201cno tengo ninguna duda de que el hospital, que ya tiene estabilidad financiera y que recauda una buena cifra de facturaci\u00f3n, cumpliendo de lejos los est\u00e1ndares de la Ley 550, de la mano de la Universidad del Valle, la Gobernaci\u00f3n y el propio personal del HUV este a\u00f1o tendr\u00e1 plena recuperaci\u00f3n. Este es el a\u00f1o de la consolidaci\u00f3n de la recuperaci\u00f3n del HUV, con miras a su reacreditaci\u00f3n y certificaci\u00f3n como hospital universitario de alta complejidad\u201d.<\/p>\n<p>El rector destac\u00f3 que recientemente visit\u00f3 las instalaciones del HUV, acompa\u00f1ado por el equipo de vicerrectores, profesores y algunos funcionarios de la Facultad de Salud, as\u00ed como por el gerente del hospital Irne Torres y su grupo de trabajo.<\/p>\n<p>\u201cLa gente no conoce c\u00f3mo se est\u00e1 transformando el hospital porque para eso hay que recorrer su interior. Hay cinco o seis \u00e1reas en las que las transformaciones son evidentes, donde los equipos, la infraestructura, la habilitaci\u00f3n de salas de cirug\u00eda, sala para neonatos o fisioterapia se ha dado con inversiones del HUV o con recursos de la Gobernaci\u00f3n, con la colaboraci\u00f3n de la Universidad del Valle\u201d, se\u00f1al\u00f3 el rector Varela Barrios.<\/p>\n<p>El rector Varela se\u00f1al\u00f3 que al interior del HUV se est\u00e1n realizando obras que han permitido la recuperaci\u00f3n de infraestructura que se hab\u00eda deteriorado y que adem\u00e1s se est\u00e1n adelantando acciones de intervenci\u00f3n para adecuar y habilitar, con los est\u00e1ndares de acreditaci\u00f3n al hospital.<\/p>\n<p>Este proceso ha sido gracias al liderazgo del gerente Irne Torres y el apoyo de los docentes de la Universidad.<\/p>\n<p>\u201cVeo acciones y un proceso claro de recuperaci\u00f3n. Tambi\u00e9n pude comprobar el compromiso de decenas de profesores y centenares de j\u00f3venes m\u00e9dicos practicantes, internos o residentes de nuestra universidad\u201d.<\/p>\n<p>As\u00ed mismo, indic\u00f3 que algunos espacios deben ser intervenidos para mejorar las condiciones de estancias, de aprendizaje y de trabajo de nuestros estudiantes de pre y posgrado.<\/p>\n<p>\u201cLas condiciones actuales no son buenas, est\u00e1n hacinados, pr\u00e1cticamente no hay buenos salones de clase al interior del HUV. Los lugares que deben tener para su descanso no cuentan con las reglas y est\u00e1ndares que ha pedido el Ministerio de Salud. Esta semana se van a reunir las oficinas de planeaci\u00f3n de la Universidad del Valle y del HUV para mirar un plan de acci\u00f3n que va a incorporar tomar una parte del hospital, algunas de las \u00e1reas en comodato, para que la universidad sea la doliente directa de mejorar y rehabilitar estos espacios, particularmente en lo que tiene que ver con las condiciones de asistencia y docencia\u201d, se\u00f1al\u00f3.<\/p>\n<p>En materia de implementaci\u00f3n y dotaci\u00f3n de equipos, el rector Varela manifest\u00f3 que, de la mano del gobierno nacional, la Gobernaci\u00f3n del Valle y la universidad se han realizado inversiones. Por ejemplo, Univalle compr\u00f3 un tom\u00f3grafo que cost\u00f3 cerca de 2000 millones de pesos y que pr\u00f3ximamente estar\u00e1 habilitado en el HUV para mejorar las condiciones de prestaci\u00f3n del servicio de im\u00e1genes en dicha instituci\u00f3n. As\u00ed mismo se\u00f1al\u00f3 que se va a implementar una estrategia para que algunos equipos que se encuentran sin usar, puedan ponerse en funcionamiento. De esta manera se podr\u00e1 ir superando el regazo tecnol\u00f3gico que existe en determinadas \u00e1reas.<\/p>\n<p>Agencia de Noticias Univalle<\/p>\n","protected":false},"excerpt":{"rendered":"<p>El Hospital Universitario del Valle se est\u00e1 recuperando de la mano de la Gobernaci\u00f3n, la Universidad del Valle y del personal de salud y administrativo que labora en dicha instituci\u00f3n. As\u00ed lo manifest\u00f3 el rector de la Universidad del Valle Edgar Varela Barrios: \u201cno tengo ninguna duda de que el[&#8230;]<\/p>\n","protected":false},"author":1,"featured_media":19765,"comment_status":"open","ping_status":"open","sticky":false,"template":"","format":"standard","meta":{"footnotes":""},"categories":[4],"tags":[],"_links":{"self":[{"href":"https:\/\/emisora.univalle.edu.co\/index.php\/wp-json\/wp\/v2\/posts\/19764"}],"collection":[{"href":"https:\/\/emisora.univalle.edu.co\/index.php\/wp-json\/wp\/v2\/posts"}],"about":[{"href":"https:\/\/emisora.univalle.edu.co\/index.php\/wp-json\/wp\/v2\/types\/post"}],"author":[{"embeddable":true,"href":"https:\/\/emisora.univalle.edu.co\/index.php\/wp-json\/wp\/v2\/users\/1"}],"replies":[{"embeddable":true,"href":"https:\/\/emisora.univalle.edu.co\/index.php\/wp-json\/wp\/v2\/comments?post=19764"}],"version-history":[{"count":1,"href":"https:\/\/emisora.univalle.edu.co\/index.php\/wp-json\/wp\/v2\/posts\/19764\/revisions"}],"predecessor-version":[{"id":19766,"href":"https:\/\/emisora.univalle.edu.co\/index.php\/wp-json\/wp\/v2\/posts\/19764\/revisions\/19766"}],"wp:featuredmedia":[{"embeddable":true,"href":"https:\/\/emisora.univalle.edu.co\/index.php\/wp-json\/wp\/v2\/media\/19765"}],"wp:attachment":[{"href":"https:\/\/emisora.univalle.edu.co\/index.php\/wp-json\/wp\/v2\/media?parent=19764"}],"wp:term":[{"taxonomy":"category","embeddable":true,"href":"https:\/\/emisora.univalle.edu.co\/index.php\/wp-json\/wp\/v2\/categories?post=19764"},{"taxonomy":"post_tag","embeddable":true,"href":"https:\/\/emisora.univalle.edu.co\/index.php\/wp-json\/wp\/v2\/tags?post=19764"}],"curies":[{"name":"wp","href":"https:\/\/api.w.org\/{rel}","templated":true}]}}