{"id":19789,"date":"2018-02-20T16:51:34","date_gmt":"2018-02-20T21:51:34","guid":{"rendered":"https:\/\/emisora.univalle.edu.co\/?p=19789"},"modified":"2018-02-20T16:51:34","modified_gmt":"2018-02-20T21:51:34","slug":"vuelve-la-catedra-german-colmenares","status":"publish","type":"post","link":"https:\/\/emisora.univalle.edu.co\/index.php\/vuelve-la-catedra-german-colmenares\/","title":{"rendered":"Vuelve la C\u00e1tedra Germ\u00e1n Colmenares"},"content":{"rendered":"<p>Con la conferencia \u201cMachetes extranjeros y textiles importados: una mirada al consumidor popular del siglo XIX colombiano\u201d, el Departamento de Historia de la Universidad del Valle iniciar\u00e1 las actividades de la C\u00e1tedra Germ\u00e1n Colmenares en el primer semestre de 2018.<\/p>\n<p>La conferencia tendr\u00e1 lugar este jueves 22 de febrero de 2018, a las 5:00 p.m., en el Auditorio Germ\u00e1n Colmenares, Edificio 386, Facultad de Humanidades.<\/p>\n<p>La invitada es la profesora de la Universidad de Los Andes Ana Mar\u00eda Otero-Cleves.<\/p>\n<p>Ana Mar\u00eda Otero-Cleves es Doctor (Ph.D) Of Philosophy, University Of Oxford, Gran Breta\u00f1a, 2011; Master Of Arts In Modern History, The University Of York, Gran Breta\u00f1a, 2006; Especialista en Periodismo, Universidad De Los Andes, Colombia, 2003; Abogada, Universidad De Los Andes, Colombia, 2001, y participa en los grupos de investigaci\u00f3n Derecho P\u00fablico e Historia de la cultura pol\u00edtica.<\/p>\n<p><strong>Informes:<\/strong>\u00a0Departamento de Historia- Facultad de Humanidades.<\/p>\n<p>Tel\u00e9fono 3212100 ext 2333 \u2013 7283<\/p>\n","protected":false},"excerpt":{"rendered":"<p>Con la conferencia \u201cMachetes extranjeros y textiles importados: una mirada al consumidor popular del siglo XIX colombiano\u201d, el Departamento de Historia de la Universidad del Valle iniciar\u00e1 las actividades de la C\u00e1tedra Germ\u00e1n Colmenares en el primer semestre de 2018. La conferencia tendr\u00e1 lugar este jueves 22 de febrero de[&#8230;]<\/p>\n","protected":false},"author":1,"featured_media":19790,"comment_status":"open","ping_status":"open","sticky":false,"template":"","format":"standard","meta":{"footnotes":""},"categories":[4],"tags":[],"_links":{"self":[{"href":"https:\/\/emisora.univalle.edu.co\/index.php\/wp-json\/wp\/v2\/posts\/19789"}],"collection":[{"href":"https:\/\/emisora.univalle.edu.co\/index.php\/wp-json\/wp\/v2\/posts"}],"about":[{"href":"https:\/\/emisora.univalle.edu.co\/index.php\/wp-json\/wp\/v2\/types\/post"}],"author":[{"embeddable":true,"href":"https:\/\/emisora.univalle.edu.co\/index.php\/wp-json\/wp\/v2\/users\/1"}],"replies":[{"embeddable":true,"href":"https:\/\/emisora.univalle.edu.co\/index.php\/wp-json\/wp\/v2\/comments?post=19789"}],"version-history":[{"count":1,"href":"https:\/\/emisora.univalle.edu.co\/index.php\/wp-json\/wp\/v2\/posts\/19789\/revisions"}],"predecessor-version":[{"id":19791,"href":"https:\/\/emisora.univalle.edu.co\/index.php\/wp-json\/wp\/v2\/posts\/19789\/revisions\/19791"}],"wp:featuredmedia":[{"embeddable":true,"href":"https:\/\/emisora.univalle.edu.co\/index.php\/wp-json\/wp\/v2\/media\/19790"}],"wp:attachment":[{"href":"https:\/\/emisora.univalle.edu.co\/index.php\/wp-json\/wp\/v2\/media?parent=19789"}],"wp:term":[{"taxonomy":"category","embeddable":true,"href":"https:\/\/emisora.univalle.edu.co\/index.php\/wp-json\/wp\/v2\/categories?post=19789"},{"taxonomy":"post_tag","embeddable":true,"href":"https:\/\/emisora.univalle.edu.co\/index.php\/wp-json\/wp\/v2\/tags?post=19789"}],"curies":[{"name":"wp","href":"https:\/\/api.w.org\/{rel}","templated":true}]}}