{"id":19796,"date":"2018-02-20T16:53:22","date_gmt":"2018-02-20T21:53:22","guid":{"rendered":"https:\/\/emisora.univalle.edu.co\/?p=19796"},"modified":"2018-02-20T16:53:22","modified_gmt":"2018-02-20T21:53:22","slug":"estamos-transformando-la-realidad-rector-de-univalle","status":"publish","type":"post","link":"https:\/\/emisora.univalle.edu.co\/index.php\/estamos-transformando-la-realidad-rector-de-univalle\/","title":{"rendered":"Estamos transformando la realidad: Rector de Univalle"},"content":{"rendered":"<p>La Universidad del Valle est\u00e1 haciendo grandes esfuerzos por acercarse a la sociedad y participar en procesos de transformaci\u00f3n de la realidad que contribuyan al desarrollo, dijo el rector de la instituci\u00f3n de educaci\u00f3n superior, Edgar Varela Barrios.<\/p>\n<p>El pronunciamiento lo hizo durante el foro \u201cPerspectivas en Infraestructura y Construcci\u00f3n &#8211; Cali 2018\u201d, organizado por la Escuela de Arquitectura como bienvenida a los estudiantes de la especializaci\u00f3n en Administraci\u00f3n y Desarrollo Inmobiliario y el posgrado en Mantenimiento y Conservaci\u00f3n de Edificaciones.<\/p>\n<p>Como parte de ese acercamiento, explic\u00f3 el rector Varela Barrios, estamos acompa\u00f1ando a Emcali en un proceso de transformaci\u00f3n. Tambi\u00e9n colaboramos con algunas secretar\u00edas de la administraci\u00f3n municipal, como la de Movilidad, para mejorar el transporte en la ciudad y la construcci\u00f3n de ciclorrutas que ofrecen seguridad para quienes usan medios de trasporte sustentable.<\/p>\n<p>En el foro al que asistieron los estudiantes y profesores de los dos posgrados adscritos a la Escuela de Arquitectura, tambi\u00e9n participaron el director de Emcali, Gustavo Jaramillo; el Gerente General de la Lonja de Propiedad Ra\u00edz de Cali y Valle del Cauca, Oscar Julio G\u00f3mez Gallego; el Director de Asuntos Econ\u00f3micos de Camacol, Sergio Guerrero; la directora t\u00e9cnica de la C\u00e1mara Colombiana de la Infraestructura Sandra Silva Serna y la docente de la Universidad del Valle, Sandra Liliana Cano Moya.<\/p>\n<p>El foro en el que tambi\u00e9n particip\u00f3 el secretario de infraestructura de Cali, Marcial Qui\u00f1\u00f3nes Qui\u00f1\u00f3nes, se realiz\u00f3 en el Auditorio Carlos Restrepo, en el Campus de Mel\u00e9ndez y fue moderado por el profesor Miguel Mel\u00e9ndez Carvajal.<\/p>\n<p>Durante la inauguraci\u00f3n del foro, el rector Edgar Varela sostuvo que otra de las formas de aportarle a la sociedad es capacitando a sus profesionales, por ello la Universidad del Valle est\u00e1 haciendo grandes esfuerzos por fortalecer la oferta de posgrados que en este momento cuenta con 3.600 estudiantes de posgrado, incluyendo los 400 que estudian en las nueve sedes regionales del centro de educaci\u00f3n superior.<\/p>\n<p>El rector explic\u00f3 que despu\u00e9s de la Universidad Nacional de Colombia la oferta de Univalle es la m\u00e1s grande del pa\u00eds y que se est\u00e1n trabajando para mejorar la tasa de graduaci\u00f3n de los posgrados.<\/p>\n<p>la Universidad del Valle ofrece 16 doctorados en las \u00e1reas de ingenier\u00eda, salud, ciencias biom\u00e9dicas, psicolog\u00eda, ciencias del mar, ciencias ambientales, educaci\u00f3n, biolog\u00eda, qu\u00edmica, matem\u00e1tica, f\u00edsica, administraci\u00f3n, filosof\u00eda, sociolog\u00eda y humanidades y \u201cactualmente, sostuvo el directivo, grad\u00faa unos 55 a 60 doctores, en promedio, cada a\u00f1o<\/p>\n<p>Agreg\u00f3 que uno de los retos de la instituci\u00f3n es la de duplicar, en los pr\u00f3ximos a\u00f1os, el n\u00famero de estudiantes de posgrado y extender y ampliar la educaci\u00f3n posgradual a las nueve sedes regionales que actualmente cuentan con cerca de 400 estudiantes de posgrado.<\/p>\n<p>Durante el foro, en el que se present\u00f3 un detallado informe sobre la construcci\u00f3n de la infraestructura en la regi\u00f3n y aspectos como el precio de la propiedad ra\u00edz, y proyecci\u00f3n de la actividad edificadora de vivienda, el rector Varela Barrios sostuvo que los graduados de posgrado contribuyen con el desarrollo de la regi\u00f3n y que una universidad solo es pertinente si participa del desarrollo social.<\/p>\n","protected":false},"excerpt":{"rendered":"<p>La Universidad del Valle est\u00e1 haciendo grandes esfuerzos por acercarse a la sociedad y participar en procesos de transformaci\u00f3n de la realidad que contribuyan al desarrollo, dijo el rector de la instituci\u00f3n de educaci\u00f3n superior, Edgar Varela Barrios. El pronunciamiento lo hizo durante el foro \u201cPerspectivas en Infraestructura y Construcci\u00f3n[&#8230;]<\/p>\n","protected":false},"author":1,"featured_media":19797,"comment_status":"open","ping_status":"open","sticky":false,"template":"","format":"standard","meta":{"footnotes":""},"categories":[4],"tags":[],"_links":{"self":[{"href":"https:\/\/emisora.univalle.edu.co\/index.php\/wp-json\/wp\/v2\/posts\/19796"}],"collection":[{"href":"https:\/\/emisora.univalle.edu.co\/index.php\/wp-json\/wp\/v2\/posts"}],"about":[{"href":"https:\/\/emisora.univalle.edu.co\/index.php\/wp-json\/wp\/v2\/types\/post"}],"author":[{"embeddable":true,"href":"https:\/\/emisora.univalle.edu.co\/index.php\/wp-json\/wp\/v2\/users\/1"}],"replies":[{"embeddable":true,"href":"https:\/\/emisora.univalle.edu.co\/index.php\/wp-json\/wp\/v2\/comments?post=19796"}],"version-history":[{"count":1,"href":"https:\/\/emisora.univalle.edu.co\/index.php\/wp-json\/wp\/v2\/posts\/19796\/revisions"}],"predecessor-version":[{"id":19798,"href":"https:\/\/emisora.univalle.edu.co\/index.php\/wp-json\/wp\/v2\/posts\/19796\/revisions\/19798"}],"wp:featuredmedia":[{"embeddable":true,"href":"https:\/\/emisora.univalle.edu.co\/index.php\/wp-json\/wp\/v2\/media\/19797"}],"wp:attachment":[{"href":"https:\/\/emisora.univalle.edu.co\/index.php\/wp-json\/wp\/v2\/media?parent=19796"}],"wp:term":[{"taxonomy":"category","embeddable":true,"href":"https:\/\/emisora.univalle.edu.co\/index.php\/wp-json\/wp\/v2\/categories?post=19796"},{"taxonomy":"post_tag","embeddable":true,"href":"https:\/\/emisora.univalle.edu.co\/index.php\/wp-json\/wp\/v2\/tags?post=19796"}],"curies":[{"name":"wp","href":"https:\/\/api.w.org\/{rel}","templated":true}]}}