{"id":19843,"date":"2018-02-23T11:10:45","date_gmt":"2018-02-23T16:10:45","guid":{"rendered":"https:\/\/emisora.univalle.edu.co\/?p=19843"},"modified":"2018-02-23T11:10:45","modified_gmt":"2018-02-23T16:10:45","slug":"convenio-con-universidad-afroamericana-de-los-estados-unidos","status":"publish","type":"post","link":"https:\/\/emisora.univalle.edu.co\/index.php\/convenio-con-universidad-afroamericana-de-los-estados-unidos\/","title":{"rendered":"Convenio con universidad afroamericana de los Estados Unidos"},"content":{"rendered":"<p>El rector de la Universidad del Valle, Edgar Varela Barrios, y el rector de la Universidad de Howard, Wayne A.I. Frederick, firmaron un convenio de cooperaci\u00f3n acad\u00e9mica entre las dos instituciones.<\/p>\n<p>La Universidad de Howard es una instituci\u00f3n privada de investigaci\u00f3n, establecida en 1867, que cuenta con m\u00e1s de 10 mil estudiantes que cursan m\u00e1s de 120 \u00e1reas de estudio en pregrado y posgrado. Se encuentra en la secci\u00f3n noroeste de Washington, DC; con su campus principal en Georgia Avenue. Se compone de 12 escuelas y colegios: artes y ciencias, negocios, comunicaciones, odontolog\u00eda, teolog\u00eda, educaci\u00f3n, ingenier\u00eda y arquitectura, derecho, medicina, enfermer\u00eda y ciencias de la salud, farmacia y trabajo social.<\/p>\n<p><img loading=\"lazy\" decoding=\"async\" class=\"aligncenter\" src=\"http:\/\/www.univalle.edu.co\/images\/img_noticias\/convenio-universidad-howard-03.JPG\" alt=\"\" width=\"550\" height=\"366\" \/><\/p>\n<p>Esta instituci\u00f3n es una de las principales universidades para afrodescendientes en Estados Unidos. \u201cEs una gran oportunidad de que esta universidad, con la cual ya hab\u00edamos tendido lazos de cooperaci\u00f3n y es una de las principales universidades afroamericanas en Estados Unidos, pueda desarrollar en movilidad estudiantil con nosotros a trav\u00e9s de este convenio\u201d, manifest\u00f3 el rector Varela Barrios.<\/p>\n<p>\u201cAspiramos a que decenas de nuestros estudiantes de pregrado puedan hacer intercambio de al menos un semestre en Washington, tambi\u00e9n que vengan estudiantes y acad\u00e9micos a Colombia, no s\u00f3lo a Cali, sino tambi\u00e9n a nuestras sedes Pac\u00edfico o Norte del Cauca, donde hay una importante poblaci\u00f3n afrocolombiana, para que sean escenarios de mutua movilidad\u201d, agreg\u00f3.<\/p>\n<p><img loading=\"lazy\" decoding=\"async\" class=\"aligncenter\" src=\"http:\/\/www.univalle.edu.co\/images\/img_noticias\/convenio-universidad-howard-05.JPG\" alt=\"\" width=\"550\" height=\"366\" \/><\/p>\n<p>A trav\u00e9s de este convenio ambas instituciones desean establecer relaciones cooperativas para desarrollar investigaci\u00f3n acad\u00e9mica, colaboraci\u00f3n e intercambio cultural, a trav\u00e9s de asistencia mutua en \u00e1reas de educaci\u00f3n, investigaci\u00f3n, creaci\u00f3n de capacidades, entre otros.<\/p>\n<p>\u201cEl convenio nos abre las puertas a una de las universidades de mayor historia en Estados Unidos, que ha sido escenario principal de la historia de las negritudes en ese pa\u00eds. Tenemos en marcha un trabajo alrededor de los estudios \u00e9tnico-raciales, a trav\u00e9s de la Facultad de Ciencias Sociales y Econ\u00f3micas. Planeamos hacer un curso con profesores de ambas instituciones aqu\u00ed en Colombia para tratar asuntos de posconflicto y derechos humanos, entre otros\u201d, se\u00f1al\u00f3 el profesor Felipe Garc\u00eda, director de Relaciones Internacionales.<\/p>\n<p><img loading=\"lazy\" decoding=\"async\" class=\"aligncenter\" src=\"http:\/\/www.univalle.edu.co\/images\/img_noticias\/convenio-universidad-howard-04.JPG\" alt=\"\" width=\"550\" height=\"366\" \/><\/p>\n<p>La agenda de trabajo inici\u00f3 con un recorrido por el Campus de Mel\u00e9ndez. El rector de la Universidad de Howard Wayne A.I. Frederick y su comitiva se reunieron con estudiantes beneficiarios de las Becas Martin Luther King que entrega el Centro Cultural Colombo Americano, as\u00ed como con estudiantes y l\u00edderes afrocolombianos de las sedes de Cali y Pac\u00edfico. Acto seguido, se reunieron con docentes de la Escuela de Ciencias del Lenguaje de la Facultad de Humanidades y con profesores del grupo de investigaci\u00f3n en Estudios \u00c9tnico-Raciales para explorar posibilidades de cooperaci\u00f3n y vinculaci\u00f3n de proyectos.<\/p>\n<p><img loading=\"lazy\" decoding=\"async\" class=\"aligncenter\" src=\"http:\/\/www.univalle.edu.co\/images\/img_noticias\/convenio-universidad-howard-01.JPG\" alt=\"\" width=\"550\" height=\"366\" \/><\/p>\n<p>El rector de la Universidad de Howard estuvo acompa\u00f1ado por Gracia M. Hillman, vicerrectora de asuntos externos y por Tonija Hope Navas, directora del Centro Ralph J. Buncle de Asuntos Internacionales.<\/p>\n<p><img loading=\"lazy\" decoding=\"async\" class=\"aligncenter\" src=\"http:\/\/www.univalle.edu.co\/images\/img_noticias\/convenio-universidad-howard-02.JPG\" alt=\"\" width=\"550\" height=\"366\" \/><\/p>\n","protected":false},"excerpt":{"rendered":"<p>El rector de la Universidad del Valle, Edgar Varela Barrios, y el rector de la Universidad de Howard, Wayne A.I. Frederick, firmaron un convenio de cooperaci\u00f3n acad\u00e9mica entre las dos instituciones. La Universidad de Howard es una instituci\u00f3n privada de investigaci\u00f3n, establecida en 1867, que cuenta con m\u00e1s de 10[&#8230;]<\/p>\n","protected":false},"author":1,"featured_media":19844,"comment_status":"open","ping_status":"open","sticky":false,"template":"","format":"standard","meta":{"footnotes":""},"categories":[4],"tags":[],"_links":{"self":[{"href":"https:\/\/emisora.univalle.edu.co\/index.php\/wp-json\/wp\/v2\/posts\/19843"}],"collection":[{"href":"https:\/\/emisora.univalle.edu.co\/index.php\/wp-json\/wp\/v2\/posts"}],"about":[{"href":"https:\/\/emisora.univalle.edu.co\/index.php\/wp-json\/wp\/v2\/types\/post"}],"author":[{"embeddable":true,"href":"https:\/\/emisora.univalle.edu.co\/index.php\/wp-json\/wp\/v2\/users\/1"}],"replies":[{"embeddable":true,"href":"https:\/\/emisora.univalle.edu.co\/index.php\/wp-json\/wp\/v2\/comments?post=19843"}],"version-history":[{"count":1,"href":"https:\/\/emisora.univalle.edu.co\/index.php\/wp-json\/wp\/v2\/posts\/19843\/revisions"}],"predecessor-version":[{"id":19845,"href":"https:\/\/emisora.univalle.edu.co\/index.php\/wp-json\/wp\/v2\/posts\/19843\/revisions\/19845"}],"wp:featuredmedia":[{"embeddable":true,"href":"https:\/\/emisora.univalle.edu.co\/index.php\/wp-json\/wp\/v2\/media\/19844"}],"wp:attachment":[{"href":"https:\/\/emisora.univalle.edu.co\/index.php\/wp-json\/wp\/v2\/media?parent=19843"}],"wp:term":[{"taxonomy":"category","embeddable":true,"href":"https:\/\/emisora.univalle.edu.co\/index.php\/wp-json\/wp\/v2\/categories?post=19843"},{"taxonomy":"post_tag","embeddable":true,"href":"https:\/\/emisora.univalle.edu.co\/index.php\/wp-json\/wp\/v2\/tags?post=19843"}],"curies":[{"name":"wp","href":"https:\/\/api.w.org\/{rel}","templated":true}]}}