{"id":19848,"date":"2018-02-23T16:17:13","date_gmt":"2018-02-23T21:17:13","guid":{"rendered":"https:\/\/emisora.univalle.edu.co\/?p=19848"},"modified":"2018-02-23T16:17:13","modified_gmt":"2018-02-23T21:17:13","slug":"sondeo-sobre-paz-en-el-valle-resultados-y-reflexiones","status":"publish","type":"post","link":"https:\/\/emisora.univalle.edu.co\/index.php\/sondeo-sobre-paz-en-el-valle-resultados-y-reflexiones\/","title":{"rendered":"Sondeo sobre paz, en el Valle: resultados y reflexiones"},"content":{"rendered":"<p>El Programa Institucional de Paz de la Universidad del Valle present\u00f3 recientemente los Resultados del Sondeo Regional de Opini\u00f3n sobre el Proceso de Paz y Reconciliaci\u00f3n en Colombia.<\/p>\n<p>El prop\u00f3sito del encuentro fue socializar los hallazgos en torno a las percepciones y actitudes de los ciudadanos frente a tem\u00e1ticas claves de los Acuerdo de Paz: negociaci\u00f3n pol\u00edtica del conflicto armado, alcance de los Acuerdos, responsabilidad de los actores del conflicto y la JEP como instrumento de justicia.<\/p>\n<p>La encuesta, realizada en diciembre de 2017, cont\u00f3 con la financiaci\u00f3n de la Universidad del Valle y fue orientada por el Instituto de Psicolog\u00eda, el Programa de Estudios Pol\u00edticos y Resoluci\u00f3n de Conflictos y la Escuela de Trabajo Social. En total fueron consultadas dos mil 150 personas de manera aleatoria en Cali, Cartago, Palmira, Tulu\u00e1 y Santander de Quilichao. Bajo una perspectiva comparativa, los resultados fueron presentados junto a los obtenidos en el Sondeo Regional de Paz realizado por la Universidad, en diciembre de 2016.<\/p>\n<p>Uno de los hallazgos m\u00e1s relevantes del Sondeo Regional del 2017 fue el bajo apoyo a los Acuerdos de Paz que disminuy\u00f3 con respecto a los resultados del pen\u00faltimo sondeo presentado en 2016. Aunque la desfavorabilidad haya aumentado, el 51.7% de personas encuestadas a nivel regional consideran que un proceso de paz sigue siendo la v\u00eda m\u00e1s pertinente para superar el conflicto armado que se ha extendido en Colombia por m\u00e1s de 50 a\u00f1os.<\/p>\n<p>Cartago se consolid\u00f3 con un 62.7% como el municipio que m\u00e1s apoya los Acuerdos de Paz; por el contrario, solo el 35.8% de la poblaci\u00f3n de Palmira cree que el proceso de paz con las Farc ha surtido efectos positivos para Colombia. Los resultados tampoco fueron favorables para Cali: solo el 37.5% se reconciliar\u00eda con los excombatientes de este grupo desmovilizado. En contraste con los resultados de la capital del Valle, el 75.1% de la poblaci\u00f3n de Santander de Quilichao y el 56.3% de Cartago cree en la posibilidad de perdonar a los excombatientes.<\/p>\n<p>\u201cLas encuestas est\u00e1n influenciadas por la coyuntura actual sobre el proceso de paz y buscan captar las opiniones en el momento puntual de diciembre de 2017. En ese sentido, no se pueden sacar conclusiones a largo plazo con un sondeo hecho en un mes. Por esa raz\u00f3n, pensamos en hacer seguimiento anual para construir una percepci\u00f3n integral que logre abarcar el largo plazo. As\u00ed mismo, cabe resaltar que el Sondeo Regional de Paz se hace en un contexto rodeado de discusiones sobre la Justicia Especial para la Paz, las curules especiales para las v\u00edctimas, lo cultivos il\u00edcitos y el estado actual de las disidencias de Farc\u201d, mencion\u00f3 Adolfo \u00c1lvarez, director del Programa Institucional de Paz.<\/p>\n","protected":false},"excerpt":{"rendered":"<p>El Programa Institucional de Paz de la Universidad del Valle present\u00f3 recientemente los Resultados del Sondeo Regional de Opini\u00f3n sobre el Proceso de Paz y Reconciliaci\u00f3n en Colombia. El prop\u00f3sito del encuentro fue socializar los hallazgos en torno a las percepciones y actitudes de los ciudadanos frente a tem\u00e1ticas claves[&#8230;]<\/p>\n","protected":false},"author":1,"featured_media":19849,"comment_status":"open","ping_status":"open","sticky":false,"template":"","format":"standard","meta":{"footnotes":""},"categories":[4],"tags":[],"_links":{"self":[{"href":"https:\/\/emisora.univalle.edu.co\/index.php\/wp-json\/wp\/v2\/posts\/19848"}],"collection":[{"href":"https:\/\/emisora.univalle.edu.co\/index.php\/wp-json\/wp\/v2\/posts"}],"about":[{"href":"https:\/\/emisora.univalle.edu.co\/index.php\/wp-json\/wp\/v2\/types\/post"}],"author":[{"embeddable":true,"href":"https:\/\/emisora.univalle.edu.co\/index.php\/wp-json\/wp\/v2\/users\/1"}],"replies":[{"embeddable":true,"href":"https:\/\/emisora.univalle.edu.co\/index.php\/wp-json\/wp\/v2\/comments?post=19848"}],"version-history":[{"count":1,"href":"https:\/\/emisora.univalle.edu.co\/index.php\/wp-json\/wp\/v2\/posts\/19848\/revisions"}],"predecessor-version":[{"id":19850,"href":"https:\/\/emisora.univalle.edu.co\/index.php\/wp-json\/wp\/v2\/posts\/19848\/revisions\/19850"}],"wp:featuredmedia":[{"embeddable":true,"href":"https:\/\/emisora.univalle.edu.co\/index.php\/wp-json\/wp\/v2\/media\/19849"}],"wp:attachment":[{"href":"https:\/\/emisora.univalle.edu.co\/index.php\/wp-json\/wp\/v2\/media?parent=19848"}],"wp:term":[{"taxonomy":"category","embeddable":true,"href":"https:\/\/emisora.univalle.edu.co\/index.php\/wp-json\/wp\/v2\/categories?post=19848"},{"taxonomy":"post_tag","embeddable":true,"href":"https:\/\/emisora.univalle.edu.co\/index.php\/wp-json\/wp\/v2\/tags?post=19848"}],"curies":[{"name":"wp","href":"https:\/\/api.w.org\/{rel}","templated":true}]}}