{"id":19859,"date":"2018-02-28T09:48:50","date_gmt":"2018-02-28T14:48:50","guid":{"rendered":"https:\/\/emisora.univalle.edu.co\/?p=19859"},"modified":"2018-02-28T09:48:50","modified_gmt":"2018-02-28T14:48:50","slug":"iniciativas-locales-para-la-adaptacion-al-cambio-climatico","status":"publish","type":"post","link":"https:\/\/emisora.univalle.edu.co\/index.php\/iniciativas-locales-para-la-adaptacion-al-cambio-climatico\/","title":{"rendered":"Iniciativas locales para la adaptaci\u00f3n al cambio clim\u00e1tico"},"content":{"rendered":"<p>El foro internacional &#8216;Iniciativas locales para la adaptaci\u00f3n al cambio clim\u00e1tico en Latinoam\u00e9rica y el Caribe&#8217;, se llevar\u00e1 a cabo el pr\u00f3ximo jueves 8 de marzo en el Auditorio 1 del Campus de Mel\u00e9ndez, a partir de las 8:30 a.m.<\/p>\n<p>Este foro hace parte del Seminario \u2013 Taller &#8216;Fortalecimiento de iniciativas locales para la adaptaci\u00f3n al cambio clim\u00e1tico&#8217;, que se realizar\u00e1 del 3 al 9 de marzo y que es coordinado por el proyecto de investigaci\u00f3n ADAPTO, el cual lidera la Escuela de Arquitectura en conjunto con la Escuela de Ingenier\u00eda de los Recursos Naturales y el Ambiente de la Universidad del Valle.<\/p>\n<p>Esta investigaci\u00f3n tiene como finalidad desarrollar nuevas estrategias de trabajo colaborativo para la implementaci\u00f3n de micro-proyectos comunitarios y urbanos de adaptaci\u00f3n al cambio clim\u00e1tico, particularmente en respuesta a los retos que presentan los sistemas h\u00eddricos en contextos de pobreza e informalidad, generando alianzas entre la academia, instituciones p\u00fablicas y sociedad civil con el objeto de generar transferencia de conocimiento en cuatro \u00e1mbitos: vulnerabilidad, resiliencia, gobernabilidad y g\u00e9nero.<\/p>\n<p>Este proyecto de investigaci\u00f3n se desarrolla en cooperaci\u00f3n con la Universidad de Montreal, la Universidad de McGill y la Universidad de Concordia en Canad\u00e1, adem\u00e1s de la Universidad del Bio Bio de Chile, Universidad Martha Abreu de Cuba, Universidad Estatal de Hait\u00ed, Universidad Javeriana de Bogot\u00e1 y la Corporaci\u00f3n Antioquia Presente. El proyecto es financiado por el IDRC (International Development Research Centre) de Canad\u00e1.<\/p>\n<p>Agencia de Noticias Univalle<\/p>\n","protected":false},"excerpt":{"rendered":"<p>El foro internacional &#8216;Iniciativas locales para la adaptaci\u00f3n al cambio clim\u00e1tico en Latinoam\u00e9rica y el Caribe&#8217;, se llevar\u00e1 a cabo el pr\u00f3ximo jueves 8 de marzo en el Auditorio 1 del Campus de Mel\u00e9ndez, a partir de las 8:30 a.m. Este foro hace parte del Seminario \u2013 Taller &#8216;Fortalecimiento de[&#8230;]<\/p>\n","protected":false},"author":1,"featured_media":19860,"comment_status":"open","ping_status":"open","sticky":false,"template":"","format":"standard","meta":{"footnotes":""},"categories":[4],"tags":[],"_links":{"self":[{"href":"https:\/\/emisora.univalle.edu.co\/index.php\/wp-json\/wp\/v2\/posts\/19859"}],"collection":[{"href":"https:\/\/emisora.univalle.edu.co\/index.php\/wp-json\/wp\/v2\/posts"}],"about":[{"href":"https:\/\/emisora.univalle.edu.co\/index.php\/wp-json\/wp\/v2\/types\/post"}],"author":[{"embeddable":true,"href":"https:\/\/emisora.univalle.edu.co\/index.php\/wp-json\/wp\/v2\/users\/1"}],"replies":[{"embeddable":true,"href":"https:\/\/emisora.univalle.edu.co\/index.php\/wp-json\/wp\/v2\/comments?post=19859"}],"version-history":[{"count":1,"href":"https:\/\/emisora.univalle.edu.co\/index.php\/wp-json\/wp\/v2\/posts\/19859\/revisions"}],"predecessor-version":[{"id":19861,"href":"https:\/\/emisora.univalle.edu.co\/index.php\/wp-json\/wp\/v2\/posts\/19859\/revisions\/19861"}],"wp:featuredmedia":[{"embeddable":true,"href":"https:\/\/emisora.univalle.edu.co\/index.php\/wp-json\/wp\/v2\/media\/19860"}],"wp:attachment":[{"href":"https:\/\/emisora.univalle.edu.co\/index.php\/wp-json\/wp\/v2\/media?parent=19859"}],"wp:term":[{"taxonomy":"category","embeddable":true,"href":"https:\/\/emisora.univalle.edu.co\/index.php\/wp-json\/wp\/v2\/categories?post=19859"},{"taxonomy":"post_tag","embeddable":true,"href":"https:\/\/emisora.univalle.edu.co\/index.php\/wp-json\/wp\/v2\/tags?post=19859"}],"curies":[{"name":"wp","href":"https:\/\/api.w.org\/{rel}","templated":true}]}}