{"id":19862,"date":"2018-02-28T09:50:22","date_gmt":"2018-02-28T14:50:22","guid":{"rendered":"https:\/\/emisora.univalle.edu.co\/?p=19862"},"modified":"2018-02-28T09:50:22","modified_gmt":"2018-02-28T14:50:22","slug":"rectores-participaron-en-encuentro-de-mi-comunidad-es-escuela","status":"publish","type":"post","link":"https:\/\/emisora.univalle.edu.co\/index.php\/rectores-participaron-en-encuentro-de-mi-comunidad-es-escuela\/","title":{"rendered":"Rectores participaron en encuentro de Mi Comunidad es Escuela"},"content":{"rendered":"<p>Directivos docentes de 45 Instituciones Educativas Oficiales se reunieron recientemente para conocer los proyectos de los Componentes 3 y 4 de Mi Comunidad es Escuela (MCEE), una iniciativa de la Alcald\u00eda de Santiago de Cali.<\/p>\n<p>Durante la jornada, realizada en el Centro Cultural Comfandi, participaron los equipos de la Secretar\u00eda de Educaci\u00f3n, Secretar\u00eda de Cultura, Secretar\u00eda de Paz y Cultura Ciudadana, Secretar\u00eda del Deporte y la Recreaci\u00f3n, Fundaci\u00f3n Carvajal y la Universidad del Valle como aliada acad\u00e9mica.<\/p>\n<p>Este encuentro se concibi\u00f3 bajo la premisa que el rector, como agente central en las escuelas, es quien mejor conoce a su instituci\u00f3n y es un puente para el trabajo a realizar con la comunidad educativa. Adem\u00e1s de pretender justamente generar un di\u00e1logo con sus experiencias y saberes, que permitan conocer las realidades de las escuelas, entender sus ritmos y sintonizarse con sus necesidades. De esta forma, se apunta al mejoramiento de la\u00a0intervenci\u00f3n y a generar mayores impactos en la comunidad.<\/p>\n<p>Jorge Hernando Santos, rector de la Instituci\u00f3n Educativa de Navarro, ubicada en la zona rural de Cali, expres\u00f3 que \u201cas\u00ed como nos han hecho una jornada de inducci\u00f3n sobre todo lo que tienen que ver con esta iniciativa; como rectores tenemos el deber de hacer una inducci\u00f3n al equipo de trabajo que llega a nuestras instituciones. Considero que Mi Comunidad es Escuela se visiona como un proyecto muy ambicioso, inteligente, una verdadera apuesta de ciudad. Incluso me atrevo a pensar que es una experiencia piloto a nivel nacional. Porque por primera vez se piensa una propuesta integral, que contiene diversos componentes que son vitales desde y para la escuela. La iniciativa de MCEE, en lo que interpreto, va dirigida a crear mecanismos y condiciones no solo de mejoramiento del curr\u00edculo y de las pr\u00e1cticas pedag\u00f3gicas, sino tambi\u00e9n a poner a la comunidad educativa en\u00a0movimiento frente a su propia realidad\u201d.<\/p>\n<p>El encuentro inici\u00f3 con las palabras del licenciado Cesar Ocor\u00f3, Subsecretario de Calidad Educativa de la Secretar\u00eda de Educaci\u00f3n, con una invitaci\u00f3n a pensarnos c\u00f3mo vamos a llegar a las escuelas y c\u00f3mo vamos a aportar a las realidades que encontremos; adem\u00e1s de incentivar a los rectores a asistir a este tipo de encuentros para conocer y participar activamente en la gesti\u00f3n, metodolog\u00eda y desarrollo de este tipo de iniciativas que llegan a\u00a0sus instituciones.<\/p>\n<p>A continuaci\u00f3n, la Universidad del Valle present\u00f3 los seis proyectos en los que es aliado acad\u00e9mico: Mejoramiento de la gesti\u00f3n curricular, Semilleros TIC, Fortalecimiento de competencias b\u00e1sicas, Estrategia de comunicaci\u00f3n para la gesti\u00f3n escolar, Fortalecimiento de competencias b\u00e1sicas a trav\u00e9s de las artes y la cultura, e Iniciaci\u00f3n y sensibilizaci\u00f3n art\u00edstica. Por su parte, la Secretar\u00eda de Paz y Cultura Ciudadana, junto a la Fundaci\u00f3n Carvajal, present\u00f3 los proyectos de Semilleros de paz y cultura ciudadana, y Formaci\u00f3n de formadores en paz y cultura ciudadana. Y la Secretar\u00eda del Deporte y la Recreaci\u00f3n present\u00f3 los proyectos de Ludotecas escolares, y Escuelas de iniciaci\u00f3n y formaci\u00f3n deportiva para la educaci\u00f3n f\u00edsica de la b\u00e1sica primaria.<\/p>\n<p>La iniciativa de Mi Comunidad es Escuela viene acerc\u00e1ndose a las instituciones y trabajando con los rectores desde el segundo semestre del 2017. Con este nuevo inicio del a\u00f1o escolar llegar\u00e1 hasta los diferentes actores de la comunidad educativa, consolid\u00e1ndose como la apuesta m\u00e1s importante de la Alcald\u00eda de Santiago de Cali para el fortalecimiento de la calidad de las Instituciones Educativas Oficiales de la ciudad. Y proyect\u00e1ndose hasta el a\u00f1o 2019 con los objetivos de mejorar la calidad educativa, construir de forma colectiva nuevas propuestas de acompa\u00f1amiento formativo con docentes, generar procesos de formaci\u00f3n y sensibilizaci\u00f3n art\u00edstica, acompa\u00f1ar los procesos de educaci\u00f3n inicial, mejorar la infraestructura f\u00edsica y tecnol\u00f3gica de las instituciones, trabajar por la convivencia en las aulas, incentivar la participaci\u00f3n en actividades deportivas y trabajar por el progreso de nuestra ciudad.<\/p>\n","protected":false},"excerpt":{"rendered":"<p>Directivos docentes de 45 Instituciones Educativas Oficiales se reunieron recientemente para conocer los proyectos de los Componentes 3 y 4 de Mi Comunidad es Escuela (MCEE), una iniciativa de la Alcald\u00eda de Santiago de Cali. Durante la jornada, realizada en el Centro Cultural Comfandi, participaron los equipos de la Secretar\u00eda[&#8230;]<\/p>\n","protected":false},"author":1,"featured_media":19863,"comment_status":"open","ping_status":"open","sticky":false,"template":"","format":"standard","meta":{"footnotes":""},"categories":[4],"tags":[],"_links":{"self":[{"href":"https:\/\/emisora.univalle.edu.co\/index.php\/wp-json\/wp\/v2\/posts\/19862"}],"collection":[{"href":"https:\/\/emisora.univalle.edu.co\/index.php\/wp-json\/wp\/v2\/posts"}],"about":[{"href":"https:\/\/emisora.univalle.edu.co\/index.php\/wp-json\/wp\/v2\/types\/post"}],"author":[{"embeddable":true,"href":"https:\/\/emisora.univalle.edu.co\/index.php\/wp-json\/wp\/v2\/users\/1"}],"replies":[{"embeddable":true,"href":"https:\/\/emisora.univalle.edu.co\/index.php\/wp-json\/wp\/v2\/comments?post=19862"}],"version-history":[{"count":1,"href":"https:\/\/emisora.univalle.edu.co\/index.php\/wp-json\/wp\/v2\/posts\/19862\/revisions"}],"predecessor-version":[{"id":19864,"href":"https:\/\/emisora.univalle.edu.co\/index.php\/wp-json\/wp\/v2\/posts\/19862\/revisions\/19864"}],"wp:featuredmedia":[{"embeddable":true,"href":"https:\/\/emisora.univalle.edu.co\/index.php\/wp-json\/wp\/v2\/media\/19863"}],"wp:attachment":[{"href":"https:\/\/emisora.univalle.edu.co\/index.php\/wp-json\/wp\/v2\/media?parent=19862"}],"wp:term":[{"taxonomy":"category","embeddable":true,"href":"https:\/\/emisora.univalle.edu.co\/index.php\/wp-json\/wp\/v2\/categories?post=19862"},{"taxonomy":"post_tag","embeddable":true,"href":"https:\/\/emisora.univalle.edu.co\/index.php\/wp-json\/wp\/v2\/tags?post=19862"}],"curies":[{"name":"wp","href":"https:\/\/api.w.org\/{rel}","templated":true}]}}