{"id":19865,"date":"2018-03-01T10:18:12","date_gmt":"2018-03-01T15:18:12","guid":{"rendered":"https:\/\/emisora.univalle.edu.co\/?p=19865"},"modified":"2018-03-01T10:18:12","modified_gmt":"2018-03-01T15:18:12","slug":"docentes-de-univalle-en-comite-tecnico-de-programa-delfin","status":"publish","type":"post","link":"https:\/\/emisora.univalle.edu.co\/index.php\/docentes-de-univalle-en-comite-tecnico-de-programa-delfin\/","title":{"rendered":"Docentes de Univalle en Comit\u00e9 T\u00e9cnico de Programa Delf\u00edn"},"content":{"rendered":"<p>Tres profesores de la Universidad del Valle hacen parte del nuevo Comit\u00e9 T\u00e9cnico del \u0485Programa Delf\u00edn\u0486, creado por universidades mexicanas y colombianas para fortalecer una cultura de colaboraci\u00f3n por medio de estancias acad\u00e9micas y de investigaci\u00f3n.<\/p>\n<p>Este nuevo Comit\u00e9 T\u00e9cnico se encarga de promover y coordinar las movilizaciones de los miembros de la comunidad acad\u00e9mica. Los tres profesores que hacen parte del Comit\u00e9 T\u00e9cnico del Programa de cooperaci\u00f3n acad\u00e9mica e investigativa son Cecilia Madri\u00f1an Polo, actual directora de la Sede Zarzal; Jes\u00fas Felipe Garc\u00eda Vallejo, Director de Relaciones Internacionales de la Universidad y Fernando Moreno Betancourt, docente de la Universidad quien fue designado como el consejero t\u00e9cnico del Programa Delf\u00edn.<\/p>\n<p>Del Programa Delf\u00edn tambi\u00e9n hacen parte la Universidad Nacional de Colombia, la Universidad San Buenaventura y la Universidad de Caldas, entre otras. La Universidad del Valle se uni\u00f3 este Programa en el a\u00f1o 2016, con el prop\u00f3sito de incrementar y promover los procesos de internacionalizaci\u00f3n, investigaci\u00f3n y desarrollo del conocimiento.<\/p>\n<p>Como parte de esta iniciativa, en el a\u00f1o 2017, dos estudiantes del Programa Acad\u00e9mico de pregrado en Administraci\u00f3n de Empresas de la Sede Zarzal de Univalle viajaron a M\u00e9xico para participar en proyectos de investigaci\u00f3n con empresas de ese pa\u00eds.<\/p>\n<p>De igual manera, y en forma simult\u00e1nea, cinco estudiantes mexicanos, de diferentes instituciones de educaci\u00f3n superior, realizaron estancias acad\u00e9micas en la Sede Zarzal y la Sede Pac\u00edfico de la Universidad del Valle.<\/p>\n<p>Este a\u00f1o, la convocatoria para participar en el programa estar\u00e1 recibiendo solicitudes hasta el 16 de Marzo. Los estudiantes seleccionados participar\u00e1n de la estancia academica del 18 de Junio al 3 de Agosto.<\/p>\n<p>Para conocer qu\u00e9 instituciones y sedes de las mismas se encuentran vinculadas al Programa Delf\u00edn consultar este link:\u00a0<a href=\"http:\/\/www.programadelfin.com.mx\/programa\/afiliadas.php\" target=\"_blank\" rel=\"noopener\">www.programadelfin.com.mx\/programa\/afiliadas.php<\/a>\u00a0Aquellos estudiantes que deseen participar y su instituci\u00f3n no se encuentre en el listado del link anterior, tienen la posibilidad de postular su instituci\u00f3n bajo los par\u00e1metros se\u00f1alados en el sitio web del programa.<\/p>\n<p>Para m\u00e1s informaci\u00f3n y consultas visite la p\u00e1gina\u00a0<a href=\"http:\/\/www.programadelfin.com.mx\/\" target=\"_blank\" rel=\"noopener\">www.programadelfin.com.mx<\/a>\u00a0o dir\u00edjase a esta direcci\u00f3n de correo electr\u00f3nico\u00a0<a href=\"mailto:coordinacion.general@programadelfin.com.mx\">coordinacion.general@programadelfin.com.mx<\/a><\/p>\n<p>Agencia de Noticias Univalle<\/p>\n","protected":false},"excerpt":{"rendered":"<p>Tres profesores de la Universidad del Valle hacen parte del nuevo Comit\u00e9 T\u00e9cnico del \u0485Programa Delf\u00edn\u0486, creado por universidades mexicanas y colombianas para fortalecer una cultura de colaboraci\u00f3n por medio de estancias acad\u00e9micas y de investigaci\u00f3n. Este nuevo Comit\u00e9 T\u00e9cnico se encarga de promover y coordinar las movilizaciones de los[&#8230;]<\/p>\n","protected":false},"author":1,"featured_media":19866,"comment_status":"open","ping_status":"open","sticky":false,"template":"","format":"standard","meta":{"footnotes":""},"categories":[4],"tags":[],"_links":{"self":[{"href":"https:\/\/emisora.univalle.edu.co\/index.php\/wp-json\/wp\/v2\/posts\/19865"}],"collection":[{"href":"https:\/\/emisora.univalle.edu.co\/index.php\/wp-json\/wp\/v2\/posts"}],"about":[{"href":"https:\/\/emisora.univalle.edu.co\/index.php\/wp-json\/wp\/v2\/types\/post"}],"author":[{"embeddable":true,"href":"https:\/\/emisora.univalle.edu.co\/index.php\/wp-json\/wp\/v2\/users\/1"}],"replies":[{"embeddable":true,"href":"https:\/\/emisora.univalle.edu.co\/index.php\/wp-json\/wp\/v2\/comments?post=19865"}],"version-history":[{"count":1,"href":"https:\/\/emisora.univalle.edu.co\/index.php\/wp-json\/wp\/v2\/posts\/19865\/revisions"}],"predecessor-version":[{"id":19867,"href":"https:\/\/emisora.univalle.edu.co\/index.php\/wp-json\/wp\/v2\/posts\/19865\/revisions\/19867"}],"wp:featuredmedia":[{"embeddable":true,"href":"https:\/\/emisora.univalle.edu.co\/index.php\/wp-json\/wp\/v2\/media\/19866"}],"wp:attachment":[{"href":"https:\/\/emisora.univalle.edu.co\/index.php\/wp-json\/wp\/v2\/media?parent=19865"}],"wp:term":[{"taxonomy":"category","embeddable":true,"href":"https:\/\/emisora.univalle.edu.co\/index.php\/wp-json\/wp\/v2\/categories?post=19865"},{"taxonomy":"post_tag","embeddable":true,"href":"https:\/\/emisora.univalle.edu.co\/index.php\/wp-json\/wp\/v2\/tags?post=19865"}],"curies":[{"name":"wp","href":"https:\/\/api.w.org\/{rel}","templated":true}]}}