{"id":19877,"date":"2018-03-02T10:33:24","date_gmt":"2018-03-02T15:33:24","guid":{"rendered":"https:\/\/emisora.univalle.edu.co\/?p=19877"},"modified":"2018-03-02T10:33:24","modified_gmt":"2018-03-02T15:33:24","slug":"profesor-de-la-facultad-de-salud-nuevo-secretario-general","status":"publish","type":"post","link":"https:\/\/emisora.univalle.edu.co\/index.php\/profesor-de-la-facultad-de-salud-nuevo-secretario-general\/","title":{"rendered":"Profesor de la Facultad de Salud, nuevo secretario general"},"content":{"rendered":"<p>El abogado y profesor de la Facultad de Salud Nestor Hugo Mill\u00e1n Mendoza se posesion\u00f3 en el cargo de secretario general de la Universidad del Valle, hoy jueves 1o de marzo de 20218, en el despacho de la Rector\u00eda.<\/p>\n<p>El nuevo secretario general es abogado de la Universidad Santiago de Cali, especialista y magister en derecho constitucional de la Universidad Libre de Colombia, mag\u00edster en administraci\u00f3n en salud de la Universidad del Valle y Doctor en sociolog\u00eda del Derecho de la Universidad libre.<\/p>\n<p>El profesor Mill\u00e1n Mendoza se ven\u00eda desempe\u00f1ando como director de la Oficina Jur\u00eddica de la Universidad del Valle, desde 2015.<\/p>\n<p>El nuevo secretario general posee una amplia experiencia profesional y administrativa en cargos en empresas privadas y p\u00fablicas. Fue alcalde del municipio de Roldanillo; abogado asesor de la Personer\u00eda Delegada en lo Penal y Director de la Oficina Regional para la Atenci\u00f3n Prevenci\u00f3n y Atenci\u00f3n de Desastre de la Personer\u00eda Municipal.<\/p>\n<p>Tambi\u00e9n se desempe\u00f1\u00f3 como abogado asesor de la Secretar\u00eda Departamental de Salud, Jefe Administrativo de la misma dependencia, de la Secretar\u00eda Municipal de Salud y de Emcali y de la Gobernaci\u00f3n del Valle.<\/p>\n<p>Mill\u00e1n Mendoza fue director Ejecutivo del Fondo de Vigilancia y Seguridad de Cali y Jefe de Personal de la Corporaci\u00f3n Universitaria Aut\u00f3noma de Occidente.<\/p>\n<p>Su producci\u00f3n intelectual incluye numerosos art\u00edculos en revistas especializadas y tres libros sobre seguridad integral y la tutela en el sector salud en Colombia.<\/p>\n","protected":false},"excerpt":{"rendered":"<p>El abogado y profesor de la Facultad de Salud Nestor Hugo Mill\u00e1n Mendoza se posesion\u00f3 en el cargo de secretario general de la Universidad del Valle, hoy jueves 1o de marzo de 20218, en el despacho de la Rector\u00eda. El nuevo secretario general es abogado de la Universidad Santiago de[&#8230;]<\/p>\n","protected":false},"author":1,"featured_media":19878,"comment_status":"open","ping_status":"open","sticky":false,"template":"","format":"standard","meta":{"footnotes":""},"categories":[4],"tags":[],"_links":{"self":[{"href":"https:\/\/emisora.univalle.edu.co\/index.php\/wp-json\/wp\/v2\/posts\/19877"}],"collection":[{"href":"https:\/\/emisora.univalle.edu.co\/index.php\/wp-json\/wp\/v2\/posts"}],"about":[{"href":"https:\/\/emisora.univalle.edu.co\/index.php\/wp-json\/wp\/v2\/types\/post"}],"author":[{"embeddable":true,"href":"https:\/\/emisora.univalle.edu.co\/index.php\/wp-json\/wp\/v2\/users\/1"}],"replies":[{"embeddable":true,"href":"https:\/\/emisora.univalle.edu.co\/index.php\/wp-json\/wp\/v2\/comments?post=19877"}],"version-history":[{"count":1,"href":"https:\/\/emisora.univalle.edu.co\/index.php\/wp-json\/wp\/v2\/posts\/19877\/revisions"}],"predecessor-version":[{"id":19879,"href":"https:\/\/emisora.univalle.edu.co\/index.php\/wp-json\/wp\/v2\/posts\/19877\/revisions\/19879"}],"wp:featuredmedia":[{"embeddable":true,"href":"https:\/\/emisora.univalle.edu.co\/index.php\/wp-json\/wp\/v2\/media\/19878"}],"wp:attachment":[{"href":"https:\/\/emisora.univalle.edu.co\/index.php\/wp-json\/wp\/v2\/media?parent=19877"}],"wp:term":[{"taxonomy":"category","embeddable":true,"href":"https:\/\/emisora.univalle.edu.co\/index.php\/wp-json\/wp\/v2\/categories?post=19877"},{"taxonomy":"post_tag","embeddable":true,"href":"https:\/\/emisora.univalle.edu.co\/index.php\/wp-json\/wp\/v2\/tags?post=19877"}],"curies":[{"name":"wp","href":"https:\/\/api.w.org\/{rel}","templated":true}]}}