{"id":19880,"date":"2018-03-02T10:35:23","date_gmt":"2018-03-02T15:35:23","guid":{"rendered":"https:\/\/emisora.univalle.edu.co\/?p=19880"},"modified":"2018-03-02T10:35:23","modified_gmt":"2018-03-02T15:35:23","slug":"un-sociologo-experto-en-educacion-y-planeacion-estrategica-nuevo-vicerrector-administrativo","status":"publish","type":"post","link":"https:\/\/emisora.univalle.edu.co\/index.php\/un-sociologo-experto-en-educacion-y-planeacion-estrategica-nuevo-vicerrector-administrativo\/","title":{"rendered":"Un soci\u00f3logo, experto en educaci\u00f3n y planeaci\u00f3n estrat\u00e9gica, nuevo Vicerrector Administrativo"},"content":{"rendered":"<p>Hoy jueves 1 de marzo de 2018, ante el rector Edgar Varela Barrios, el profesor Luis Carlos Castillo G\u00f3mez tom\u00f3 posesi\u00f3n del cargo de vicerrector administrativo, en reemplazo del profesor Guillermo Murillo Vargas.<br \/>\nEl profesor Castillo G\u00f3mez es soci\u00f3logo, master en estudios iberoamericanos, doctor en estudios iberoamericanos, Universidad complutense de Madrid. Ganador de premio a la mejor tesis doctoral y tesis laureada.<\/p>\n<p>El nuevo vicerrector fue rector (E) de la Universidad del Valle, decano de la Facultad de Ciencias Sociales y Econ\u00f3micas; ex director de la Oficina de Planeaci\u00f3n de la Universidad, durante siete a\u00f1os; director de la Unidad de Desarrollo Territorial del Departamento Nacional de Planeaci\u00f3n y ex director del Corpes de la Amazonia.<\/p>\n<p>Tambi\u00e9n fue promotor del doctorado en sociolog\u00eda y director del Centro de Investigaci\u00f3n y Desarrollo Socio econ\u00f3mico -CIDSE de la Universidad; director de la Maestr\u00eda en Sociolog\u00eda y el programa Acad\u00e9mico de Sociolog\u00eda.<\/p>\n<p>El nuevo vicerrector administrativo es especialista en sociolog\u00eda de la educaci\u00f3n, planeaci\u00f3n estrat\u00e9gica, estudios de la naci\u00f3n, estudios pol\u00edticos y demogr\u00e1ficos de ind\u00edgenas y comunidades negras, movimientos sociales y acci\u00f3n colectiva. Autor de seis libros, m\u00faltiples art\u00edculos y cap\u00edtulos de libros.<\/p>\n<p>En 2001 obtuvo el premio al mejor trabajo de investigaci\u00f3n de Doctorado, por la Universidad Complutense de Madrid, Espa\u00f1a y en 2008, otorgado por la misma instituci\u00f3n, obtuvo el premio extraordinario a la tesis doctoral sobre el Estado- naci\u00f3n pluri\u00e9tnico y multicultural colombiano.<\/p>\n<p>Entre sus publicaciones aparecen, entre otras: Etnicidad y naci\u00f3n. El desaf\u00edo de la diversidad en Colombia; Reforma constitucional, autonom\u00eda y derechos ind\u00edgenas y de las comunidades negras en Colombia\u201d, en Heriberto Cairo y Walter Mignolo (Eds.): Las vertientes americanas del pensamiento y el proyecto des-colonial; Guerras, territorios de muerte y resistencia en Colombia\u201d, en Heriberto Cairo y Jaime Pastor (eds.): Geopol\u00edticas, Guerras y resistencias, y, el proceso de comunidades negras y el censo de 2005: la lucha en contra de la invisibilidad estad\u00edstica de la gente negra en Colombia.<\/p>\n","protected":false},"excerpt":{"rendered":"<p>Hoy jueves 1 de marzo de 2018, ante el rector Edgar Varela Barrios, el profesor Luis Carlos Castillo G\u00f3mez tom\u00f3 posesi\u00f3n del cargo de vicerrector administrativo, en reemplazo del profesor Guillermo Murillo Vargas. El profesor Castillo G\u00f3mez es soci\u00f3logo, master en estudios iberoamericanos, doctor en estudios iberoamericanos, Universidad complutense de[&#8230;]<\/p>\n","protected":false},"author":1,"featured_media":19881,"comment_status":"open","ping_status":"open","sticky":false,"template":"","format":"standard","meta":{"footnotes":""},"categories":[4],"tags":[],"_links":{"self":[{"href":"https:\/\/emisora.univalle.edu.co\/index.php\/wp-json\/wp\/v2\/posts\/19880"}],"collection":[{"href":"https:\/\/emisora.univalle.edu.co\/index.php\/wp-json\/wp\/v2\/posts"}],"about":[{"href":"https:\/\/emisora.univalle.edu.co\/index.php\/wp-json\/wp\/v2\/types\/post"}],"author":[{"embeddable":true,"href":"https:\/\/emisora.univalle.edu.co\/index.php\/wp-json\/wp\/v2\/users\/1"}],"replies":[{"embeddable":true,"href":"https:\/\/emisora.univalle.edu.co\/index.php\/wp-json\/wp\/v2\/comments?post=19880"}],"version-history":[{"count":1,"href":"https:\/\/emisora.univalle.edu.co\/index.php\/wp-json\/wp\/v2\/posts\/19880\/revisions"}],"predecessor-version":[{"id":19882,"href":"https:\/\/emisora.univalle.edu.co\/index.php\/wp-json\/wp\/v2\/posts\/19880\/revisions\/19882"}],"wp:featuredmedia":[{"embeddable":true,"href":"https:\/\/emisora.univalle.edu.co\/index.php\/wp-json\/wp\/v2\/media\/19881"}],"wp:attachment":[{"href":"https:\/\/emisora.univalle.edu.co\/index.php\/wp-json\/wp\/v2\/media?parent=19880"}],"wp:term":[{"taxonomy":"category","embeddable":true,"href":"https:\/\/emisora.univalle.edu.co\/index.php\/wp-json\/wp\/v2\/categories?post=19880"},{"taxonomy":"post_tag","embeddable":true,"href":"https:\/\/emisora.univalle.edu.co\/index.php\/wp-json\/wp\/v2\/tags?post=19880"}],"curies":[{"name":"wp","href":"https:\/\/api.w.org\/{rel}","templated":true}]}}