{"id":19883,"date":"2018-03-06T10:10:35","date_gmt":"2018-03-06T15:10:35","guid":{"rendered":"https:\/\/emisora.univalle.edu.co\/?p=19883"},"modified":"2018-03-06T10:10:35","modified_gmt":"2018-03-06T15:10:35","slug":"taller-de-jazz-en-la-facultad-de-artes-integradas","status":"publish","type":"post","link":"https:\/\/emisora.univalle.edu.co\/index.php\/taller-de-jazz-en-la-facultad-de-artes-integradas\/","title":{"rendered":"Taller de jazz en la Facultad de Artes Integradas"},"content":{"rendered":"<p>Este a\u00f1o la Escuela de M\u00fasica de la Universidad del Valle, la Universidad ICESI y el Centro Cultural Colombo Americano de Cali, se han asociado para traer a la comunidad amante de la m\u00fasica moderna, el II Taller de Jazz que tendr\u00e1 como invitados a Michael Tracy (Saxof\u00f3n), Ansyn Banks (Trompeta), y Gabe Evens (Piano), profesores del prestigioso Programa de Jazz Jamey Aebersold de la University of Louisville- Estados Unidos, as\u00ed como a Javier P\u00e9rez Sandoval (Guitarra), Gustavo Campos (Bajo) y Antol\u00edn D\u00edaz (Bater\u00eda), profesores del Programa de Formaci\u00f3n Musical en Jazz de la Universidad del Bosque de Bogot\u00e1.<\/p>\n<p>Juntos estar\u00e1n realizando conciertos, talleres de Jazz para ensamble, clases de instrumento y foros, los d\u00edas 7, 8 y 9 de marzo en los auditorios de la Universidad del Valle y de la Universidad Icesi.<\/p>\n<p>Finalmente, la noche del viernes 9 de marzo, estar\u00e1n presentando, como sexteto, un concierto en homenaje a Miles Davis, el cual ha sido llamado Noche de Jazz: Colombia y Estados Unidos y que se realizar\u00e1 a las 7:00 pm en el Auditorio Earle Sherman del Centro Cultural Colombo Americano Sede Norte.<\/p>\n<p><strong>Programaci\u00f3n:<\/strong><\/p>\n<p><strong>Mi\u00e9rcoles 07 de marzo<\/strong><\/p>\n<p><strong>Taller de Arreglos y Composici\u00f3n. Las m\u00fasicas Colombianas de la Regi\u00f3n Andina en formato de Big Band<\/strong><\/p>\n<p>Maestro Javier P\u00e9rez Sandoval.<\/p>\n<p>Espacio 1012- Edificio 316<\/p>\n<p>2:30 p.m.<\/p>\n<p><strong>Jueves 08 de marzo<\/strong><\/p>\n<p><strong>I Taller de Jazz<\/strong><\/p>\n<p>University of Louisville \u2013 Universidad del Bosque<\/p>\n<p>Auditorio Carlos Restrepo- Edif. 316<\/p>\n<p>9:00 a.m.<\/p>\n<p><strong>II Taller de Jazz<\/strong><\/p>\n<p>University of Louisville &amp; Universidad del Bosque<\/p>\n<p>Auditorio Manuelita &#8211; Universidad ICESI<\/p>\n<p>2:30 p.m.<\/p>\n<p><strong>Viernes 9 de marzo<\/strong><\/p>\n<p><strong>Taller de Bajo y Bater\u00eda.<\/strong><\/p>\n<p>Maestros Gustavo Campos y Antol\u00edn D\u00edaz Profesores Universidad del Bosque<\/p>\n<p>Auditorio Carlos Restrepo<\/p>\n<p>9:00 a.m.<\/p>\n<p><strong>Taller de Piano Jazz<\/strong><\/p>\n<p>Maestro Gabe Evens. Jamey Aebersold Jazz Studies Program. University of Louisville<\/p>\n<p>Sal\u00f3n Taller de \u00d3pera<\/p>\n<p>9:00 a.m.<\/p>\n<p><strong>Talleres de Saxof\u00f3n y Trompeta.<\/strong><\/p>\n<p>Maestros Michael Tracy y Ansyn Banks del Jamey Aebersold Jazz Studies Program. University of Louisville.<\/p>\n<p>Auditorio ICESI<\/p>\n<p>9:00 a.m.<\/p>\n<p><strong>Concierto Noche de Jazz: Colombia y Estados Unidos<\/strong><\/p>\n<p>Auditorio Earle Sherman<\/p>\n<p>Centro Cultural Colombo Americano Sede Norte<\/p>\n<p>7:00 pm<\/p>\n","protected":false},"excerpt":{"rendered":"<p>Este a\u00f1o la Escuela de M\u00fasica de la Universidad del Valle, la Universidad ICESI y el Centro Cultural Colombo Americano de Cali, se han asociado para traer a la comunidad amante de la m\u00fasica moderna, el II Taller de Jazz que tendr\u00e1 como invitados a Michael Tracy (Saxof\u00f3n), Ansyn Banks[&#8230;]<\/p>\n","protected":false},"author":1,"featured_media":19884,"comment_status":"open","ping_status":"open","sticky":false,"template":"","format":"standard","meta":{"footnotes":""},"categories":[4],"tags":[],"_links":{"self":[{"href":"https:\/\/emisora.univalle.edu.co\/index.php\/wp-json\/wp\/v2\/posts\/19883"}],"collection":[{"href":"https:\/\/emisora.univalle.edu.co\/index.php\/wp-json\/wp\/v2\/posts"}],"about":[{"href":"https:\/\/emisora.univalle.edu.co\/index.php\/wp-json\/wp\/v2\/types\/post"}],"author":[{"embeddable":true,"href":"https:\/\/emisora.univalle.edu.co\/index.php\/wp-json\/wp\/v2\/users\/1"}],"replies":[{"embeddable":true,"href":"https:\/\/emisora.univalle.edu.co\/index.php\/wp-json\/wp\/v2\/comments?post=19883"}],"version-history":[{"count":1,"href":"https:\/\/emisora.univalle.edu.co\/index.php\/wp-json\/wp\/v2\/posts\/19883\/revisions"}],"predecessor-version":[{"id":19885,"href":"https:\/\/emisora.univalle.edu.co\/index.php\/wp-json\/wp\/v2\/posts\/19883\/revisions\/19885"}],"wp:featuredmedia":[{"embeddable":true,"href":"https:\/\/emisora.univalle.edu.co\/index.php\/wp-json\/wp\/v2\/media\/19884"}],"wp:attachment":[{"href":"https:\/\/emisora.univalle.edu.co\/index.php\/wp-json\/wp\/v2\/media?parent=19883"}],"wp:term":[{"taxonomy":"category","embeddable":true,"href":"https:\/\/emisora.univalle.edu.co\/index.php\/wp-json\/wp\/v2\/categories?post=19883"},{"taxonomy":"post_tag","embeddable":true,"href":"https:\/\/emisora.univalle.edu.co\/index.php\/wp-json\/wp\/v2\/tags?post=19883"}],"curies":[{"name":"wp","href":"https:\/\/api.w.org\/{rel}","templated":true}]}}