{"id":19886,"date":"2018-03-06T10:12:46","date_gmt":"2018-03-06T15:12:46","guid":{"rendered":"https:\/\/emisora.univalle.edu.co\/?p=19886"},"modified":"2018-03-06T10:12:46","modified_gmt":"2018-03-06T15:12:46","slug":"cientificas-colombianas-destacadas-internacionalmente","status":"publish","type":"post","link":"https:\/\/emisora.univalle.edu.co\/index.php\/cientificas-colombianas-destacadas-internacionalmente\/","title":{"rendered":"Cient\u00edficas colombianas, destacadas internacionalmente"},"content":{"rendered":"<p><em><strong>Aunque han sido discriminadas, han cosechado triunfos en la investigaci\u00f3n en diversos campos del conocimiento, superando obst\u00e1culos de todo tipo.<\/strong><\/em><\/p>\n<p>El 8 de marzo la ONU lo destaca como el D\u00eda Internacional de la Mujer, para rendir homenaje al importante papel que desempe\u00f1an en todas las esferas de la sociedad. As\u00ed tambi\u00e9n es una fecha para seguir llamando la atenci\u00f3n sobre los atropellos a los que son sometidas: violencia, violaciones y acoso sexual, menos oportunidades laborables y discriminaci\u00f3n salarial.<\/p>\n<p>Aunque son varias las que se destacan en distintos campos del saber, adem\u00e1s de Adriana Ocampo, quien lleva m\u00e1s de 30 a\u00f1os investigado en la Nasa, se encuentran la cale\u00f1a Nubia Mu\u00f1oz, quien \u2018bailando\u2019 al ritmo de la investigaci\u00f3n m\u00e9dica, recibi\u00f3 \u2014a finales de febrero\u2014 el Premio Fundaci\u00f3n Banco Bilbao Vizcaya Argentaria, Bbva, Fronteras del Conocimiento, en la categor\u00eda de Cooperaci\u00f3n, por la vacuna contra el c\u00e1ncer de cuello de \u00fatero; Sandra Milena Sanabria, bacteri\u00f3loga santandereana la \u00fanica galardonada con dos premios Travel Award por sus aportes para tratar el c\u00e1ncer de seno triple negativo y Alexandra Olaya-Castro, f\u00edsica laureada con la Medalla Maxwell, por su trabajo en biolog\u00eda cu\u00e1ntica.<\/p>\n<p>Ellas han generado un oasis en el espacio de las noticias negativas del pa\u00eds, de todos los d\u00edas, donde la corrupci\u00f3n, la violencia, el narcotr\u00e1fico, el abuso a las mujeres y la degradada pol\u00edtica, que ha mutado del pensamiento, la reflexi\u00f3n, la cr\u00edtica y la verdad, al insulto, la mentira y lo peor: a la polarizaci\u00f3n del pa\u00eds que infortunadamente, hasta reconocidos \u2018maestros\u2019 del periodismo est\u00e1n contribuyendo.<\/p>\n<p><strong>Mu\u00f1oz obtuvo una vacuna eficaz<\/strong><\/p>\n<p>Como lo destac\u00f3 N. Ram\u00edrez de Castro en el peri\u00f3dico El Pa\u00eds de Espa\u00f1a, en su edici\u00f3n del 27 de febrero, la epidemi\u00f3loga Mu\u00f1oz \u201cha sido premiada por hacer posible una vacuna eficaz contra el c\u00e1ncer de cuello de \u00fatero, una de las primeras vacunas desarrolladas para prevenir la aparici\u00f3n del tumor\u201d.<\/p>\n<p>La b\u00fasqueda de la cient\u00edfica viene desde que el alem\u00e1n Harald Zur Hausen, identific\u00f3 los primeros tipos del virus del papiloma humano, VPH, y desarroll\u00f3 tests para detectar la exposici\u00f3n a \u00e9l. Pero, como afirma Ram\u00edrez: \u201cMu\u00f1oz continu\u00f3 con esos estudios m\u00e1s all\u00e1 del laboratorio y determin\u00f3, entre el casi centenar de VPH que existen, cuales eran los realmente cancer\u00edgenos. As\u00ed identific\u00f3 a las variantes 16 y 18 del VPH y demostr\u00f3 que eran las mismas en todos los pa\u00edses\u201d.<\/p>\n<p>Contin\u00faa Ram\u00edrez: \u201cEsa informaci\u00f3n fue clave para que las compa\u00f1\u00edas farmac\u00e9uticas pudieran desarrollar una vacuna con la que hoy se protege a millones de ni\u00f1os en el mundo. Con ella es posible prevenir el 70 por ciento de los casos de c\u00e1ncer de cuello de \u00fatero, el 60 por ciento de los tumores de vagina, el 40 por ciento de los de vulva y otros tipos de c\u00e1ncer que tambi\u00e9n afectan al sexo masculino, como son los de ano, boca y garganta\u201d.<\/p>\n<p>Por su aporte a resolver problemas de la salud p\u00fablica, el jurado que le concedi\u00f3 el premio Fronteras del Conocimiento, manifest\u00f3: \u201cSus trabajos han sido un verdadero catalizador para el desarrollo de vacunas y su posterior aplicaci\u00f3n en todo el mundo, incluidos los pa\u00edses m\u00e1s afectados\u201d.<\/p>\n<p>El nombre de Nubia Mu\u00f1oz no solo ha aparecido en los medios de comunicaci\u00f3n en febrero-marzo de este a\u00f1o, sino tambi\u00e9n en octubre de 2008, porque la Asociaci\u00f3n Internacional de Epidemiolog\u00eda la propuso como candidata al Premio Nobel de Medicina, junto con Hausen, pero el galard\u00f3n fue solo para \u00e9l. Tambi\u00e9n en 2010 brill\u00f3 en las noticias cuando el gobierno franc\u00e9s le otorg\u00f3 la Legi\u00f3n de Honor, el m\u00e1ximo galard\u00f3n que ofrece ese pa\u00eds a quienes tienen los m\u00e9ritos extraordinarios en el \u00e1mbito civil o militar.<\/p>\n<p>Estudi\u00f3 medicina en la universidad del Valle, se especializ\u00f3 en patolog\u00eda y complet\u00f3 su postgrado en la universidad de Johns Hopkins, donde estudi\u00f3 epidemiolog\u00eda y virolog\u00eda. Terminada esta etapa formativa, se traslad\u00f3 a Lyon, Francia, donde estuvo trabajando por m\u00e1s de 20 a\u00f1os para la Agencia de Investigaciones sobre el C\u00e1ncer. En la actualidad es cient\u00edfica visitante del Instituto Catal\u00e1n de Oncolog\u00eda y catedr\u00e1tica em\u00e9rita del Instituto Nacional de Cancerolog\u00eda de Colombia.<\/p>\n<p><strong>Tomado de:<\/strong>\u00a0La Cr\u00f3nica del Quind\u00edo<\/p>\n","protected":false},"excerpt":{"rendered":"<p>Aunque han sido discriminadas, han cosechado triunfos en la investigaci\u00f3n en diversos campos del conocimiento, superando obst\u00e1culos de todo tipo. El 8 de marzo la ONU lo destaca como el D\u00eda Internacional de la Mujer, para rendir homenaje al importante papel que desempe\u00f1an en todas las esferas de la sociedad.[&#8230;]<\/p>\n","protected":false},"author":1,"featured_media":19887,"comment_status":"open","ping_status":"open","sticky":false,"template":"","format":"standard","meta":{"footnotes":""},"categories":[4],"tags":[],"_links":{"self":[{"href":"https:\/\/emisora.univalle.edu.co\/index.php\/wp-json\/wp\/v2\/posts\/19886"}],"collection":[{"href":"https:\/\/emisora.univalle.edu.co\/index.php\/wp-json\/wp\/v2\/posts"}],"about":[{"href":"https:\/\/emisora.univalle.edu.co\/index.php\/wp-json\/wp\/v2\/types\/post"}],"author":[{"embeddable":true,"href":"https:\/\/emisora.univalle.edu.co\/index.php\/wp-json\/wp\/v2\/users\/1"}],"replies":[{"embeddable":true,"href":"https:\/\/emisora.univalle.edu.co\/index.php\/wp-json\/wp\/v2\/comments?post=19886"}],"version-history":[{"count":1,"href":"https:\/\/emisora.univalle.edu.co\/index.php\/wp-json\/wp\/v2\/posts\/19886\/revisions"}],"predecessor-version":[{"id":19888,"href":"https:\/\/emisora.univalle.edu.co\/index.php\/wp-json\/wp\/v2\/posts\/19886\/revisions\/19888"}],"wp:featuredmedia":[{"embeddable":true,"href":"https:\/\/emisora.univalle.edu.co\/index.php\/wp-json\/wp\/v2\/media\/19887"}],"wp:attachment":[{"href":"https:\/\/emisora.univalle.edu.co\/index.php\/wp-json\/wp\/v2\/media?parent=19886"}],"wp:term":[{"taxonomy":"category","embeddable":true,"href":"https:\/\/emisora.univalle.edu.co\/index.php\/wp-json\/wp\/v2\/categories?post=19886"},{"taxonomy":"post_tag","embeddable":true,"href":"https:\/\/emisora.univalle.edu.co\/index.php\/wp-json\/wp\/v2\/tags?post=19886"}],"curies":[{"name":"wp","href":"https:\/\/api.w.org\/{rel}","templated":true}]}}