{"id":19889,"date":"2018-03-06T10:14:56","date_gmt":"2018-03-06T15:14:56","guid":{"rendered":"https:\/\/emisora.univalle.edu.co\/?p=19889"},"modified":"2018-03-06T10:14:56","modified_gmt":"2018-03-06T15:14:56","slug":"arranco-seminario-nacional-de-genero","status":"publish","type":"post","link":"https:\/\/emisora.univalle.edu.co\/index.php\/arranco-seminario-nacional-de-genero\/","title":{"rendered":"Arranc\u00f3 Seminario Nacional de G\u00e9nero"},"content":{"rendered":"<p dir=\"ltr\">\u201cUn tema como la diversidad sexual contin\u00faa siendo tab\u00fa e invisibilizado en el colectivo social en general. En algunas \u00e1reas como las de la salud es completamente innombrable en una gran mayor\u00eda de casos. Por este motivo, este seminario cobra actualidad e importancia. Cada uno de ustedes, en la medida que comparte y difunde las reflexiones que se generen esta semana, contribuir\u00e1n a generar un ambiente de igualdad, respeto y diversidad\u201d. Con estas palabras la vicerrectora acad\u00e9mica de la Universidad del Valle, Liliana Arias Castillo, hizo apertura del \u201cI Seminario nacional sobre g\u00e9nero, acoso sexual y derecho a la diversidad\u201d.<\/p>\n<p dir=\"ltr\">El Seminario es organizado\u00a0<span id=\"m_7641720471801289280m_-8601547304945034484m_-4900842110986131228gmail-docs-internal-guid-2edaa8f1-f714-5255-7f34-1ff2cc089e23\">por la Escuela de Estudios Literarios y el Centro de Investigaciones y Estudios de G\u00e9nero, Mujer y Sociedad\u00a0<\/span>del 5 al 9 de marzo.<\/p>\n<p dir=\"ltr\">Del acto de apertura hicieron parte la vicerrectora acad\u00e9mica Liliana Arias Castillo; la decana de la Facultad de Humanidades Gladys Stella L\u00f3pez; el director de la Escuela de Estudios Literarios Hernando Urriago; la directora del Centro de Investigaciones y Estudios de G\u00e9nero, Mujer y Sociedad Alba Nubia Rodr\u00edguez y la coordinadora del evento Cristina Eugenia Valcke.<\/p>\n<p dir=\"ltr\">La vicerrectora acad\u00e9mica Liliana Arias Castillo se\u00f1al\u00f3 que todos los invitados a este evento hacen parte de un abanico amplio de investigadores que aportar\u00e1n a la reflexi\u00f3n sobre los temas de este seminario. As\u00ed mismo destac\u00f3 que la Universidad del Valle est\u00e1 comprometida con estos temas, a trav\u00e9s de Pol\u00edtica de G\u00e9nero de la instituci\u00f3n.<\/p>\n<p dir=\"ltr\">La decana Gladys Stella L\u00f3pez manifest\u00f3 que este evento es una oportunidad propicia para poner sobre la mesa temas de inter\u00e9s nacional, compartir experiencias y articular funciones primordiales de la Universidad, como la investigaci\u00f3n, la academia y la proyecci\u00f3n social.<\/p>\n<p dir=\"ltr\">La conferencia inaugural del evento se denomin\u00f3 \u201cRepensar la perspectiva psicosocial sobre el g\u00e9nero: contribuciones y desaf\u00edos a partir de las identidades transg\u00e9neros\u201d, a cargo de Antar Mart\u00ednez Guzm\u00e1n, doctor (Ph.D) en psicolog\u00eda social de la Universidad Aut\u00f3noma de Barcelona, docente de la Facultad de Psicolog\u00eda de la Universidad de Colima, M\u00e9xico.<\/p>\n<p dir=\"ltr\">En su ponencia el profesor Mart\u00ednez Guzm\u00e1n present\u00f3 una reflexi\u00f3n te\u00f3rica sobre los discursos con que se abordan y regulan las identidades trans. El investigador se\u00f1al\u00f3 que sobre estos discursos se ha dado una evoluci\u00f3n que pas\u00f3 del abordaje y clasificaci\u00f3n como perversi\u00f3n, para luego ser definidas como un trastorno y por \u00faltimo ser tratadas como parte de un amplio abanico de diversidad.<\/p>\n<p dir=\"ltr\">Mart\u00ednez Guzm\u00e1n se\u00f1al\u00f3 que la identidad trans estuvo hist\u00f3ricamente delegada como perversi\u00f3n, t\u00e9rmino que desde su origen sem\u00e1ntico implica una alteraci\u00f3n del orden natural, placer por lo torcido y falsario.<\/p>\n<p dir=\"ltr\">En el siglo XVIII, estas pr\u00e1cticas llegaron a ser consideradas como una enfermedad, en lo que se gener\u00f3 una taxonom\u00eda de anomal\u00edas sexuales. Esto deriv\u00f3 en una nueva concepci\u00f3n de sujeto: se pas\u00f3 de ser \u201calgo que alguien hace\u201d para ser \u201calgo que alguien es\u201d.<\/p>\n<p dir=\"ltr\">Las identidades trans, seg\u00fan afirm\u00f3 este investigador mexicano, invitan a pensar y desafiar las dicotom\u00edas tradicionales: \u201chombre &#8211; mujer\u201d, \u201csexo &#8211; g\u00e9nero\u201d y \u201chumano &#8211; no humano\u201d. As\u00ed mismo, muchos de los discursos psicosociales discriminan o excluyen identidades de g\u00e9nero que no se consideran normales, que no se pueden clasificar dentro de esas dicotom\u00edas anteriormente mencionadas.<\/p>\n<p dir=\"ltr\">Gracias al trabajo de activistas, se han hecho esfuerzos y aportes que han permitido el surgimiento de un discurso de la diversidad, que habla y alude a un sujeto de derechos como resultado de d\u00e9cadas de lucha. En este sentido, lo trans y lo queer comienzan a ser incorporados discursivamente. Sin embargo, hay que seguir reflexionando sobre el modo en que se denominan y se naturalizan, dando lugar a nuevas l\u00f3gicas de poder. A\u00fan persiste el desaf\u00edo de examinar los discursos sobre perversi\u00f3n y patologizaci\u00f3n que sobre lo trans a\u00fan persisten en nuestros d\u00edas, finaliz\u00f3 Mart\u00ednez Guzm\u00e1n.<\/p>\n<p dir=\"ltr\">Agencia de Noticias Univalle<\/p>\n","protected":false},"excerpt":{"rendered":"<p>\u201cUn tema como la diversidad sexual contin\u00faa siendo tab\u00fa e invisibilizado en el colectivo social en general. En algunas \u00e1reas como las de la salud es completamente innombrable en una gran mayor\u00eda de casos. Por este motivo, este seminario cobra actualidad e importancia. Cada uno de ustedes, en la medida[&#8230;]<\/p>\n","protected":false},"author":1,"featured_media":19890,"comment_status":"open","ping_status":"open","sticky":false,"template":"","format":"standard","meta":{"footnotes":""},"categories":[4],"tags":[],"_links":{"self":[{"href":"https:\/\/emisora.univalle.edu.co\/index.php\/wp-json\/wp\/v2\/posts\/19889"}],"collection":[{"href":"https:\/\/emisora.univalle.edu.co\/index.php\/wp-json\/wp\/v2\/posts"}],"about":[{"href":"https:\/\/emisora.univalle.edu.co\/index.php\/wp-json\/wp\/v2\/types\/post"}],"author":[{"embeddable":true,"href":"https:\/\/emisora.univalle.edu.co\/index.php\/wp-json\/wp\/v2\/users\/1"}],"replies":[{"embeddable":true,"href":"https:\/\/emisora.univalle.edu.co\/index.php\/wp-json\/wp\/v2\/comments?post=19889"}],"version-history":[{"count":1,"href":"https:\/\/emisora.univalle.edu.co\/index.php\/wp-json\/wp\/v2\/posts\/19889\/revisions"}],"predecessor-version":[{"id":19891,"href":"https:\/\/emisora.univalle.edu.co\/index.php\/wp-json\/wp\/v2\/posts\/19889\/revisions\/19891"}],"wp:featuredmedia":[{"embeddable":true,"href":"https:\/\/emisora.univalle.edu.co\/index.php\/wp-json\/wp\/v2\/media\/19890"}],"wp:attachment":[{"href":"https:\/\/emisora.univalle.edu.co\/index.php\/wp-json\/wp\/v2\/media?parent=19889"}],"wp:term":[{"taxonomy":"category","embeddable":true,"href":"https:\/\/emisora.univalle.edu.co\/index.php\/wp-json\/wp\/v2\/categories?post=19889"},{"taxonomy":"post_tag","embeddable":true,"href":"https:\/\/emisora.univalle.edu.co\/index.php\/wp-json\/wp\/v2\/tags?post=19889"}],"curies":[{"name":"wp","href":"https:\/\/api.w.org\/{rel}","templated":true}]}}