{"id":19894,"date":"2018-03-06T16:15:17","date_gmt":"2018-03-06T21:15:17","guid":{"rendered":"https:\/\/emisora.univalle.edu.co\/?p=19894"},"modified":"2018-03-06T16:15:17","modified_gmt":"2018-03-06T21:15:17","slug":"ellas-tienen-la-palabra","status":"publish","type":"post","link":"https:\/\/emisora.univalle.edu.co\/index.php\/ellas-tienen-la-palabra\/","title":{"rendered":"Ellas tienen la palabra"},"content":{"rendered":"<p>Como parte de la conmemoraci\u00f3n del D\u00eda Internacional de la Mujer, se realiza el \u201cXVII Encuentro Internacional de mujeres que cuentan su Historia &#8211; Ellas tienen la palabra\u201d, del 6 al 9 de marzo de 2018.<\/p>\n<p>Este evento es organizado por la Fundaci\u00f3n Huellas de Paz y la Universidad Santiago de Cali, con el apoyo del grupo de narraci\u00f3n oral El Perol de la Universidad del Valle.<\/p>\n<p>Con el \u00e1nimo de fortalecer los espacios de intercambio cultural y consolidar el papel de la mujer en la tradici\u00f3n oral, como g\u00e9nero primario que conserva la memoria de los pueblos a trav\u00e9s de sus manifestaciones art\u00edsticas, esta versi\u00f3n del Encuentro tiene como tem\u00e1tica el rechazo a la violencia en todas sus manifestaciones en contra de la mujer. En un acto simb\u00f3lico contra la indiferencia, la intolerancia y el silencio, ellas hoy tienen la palabra.<\/p>\n<p>El evento contar\u00e1 con una programaci\u00f3n en diferentes universidades y espacios comprometidos con la narraci\u00f3n oral en la ciudad. Adem\u00e1s, en esta versi\u00f3n del encuentro, se abre el espacio a otras manifestaciones en que las mujeres son protagonistas y reivindican el quehacer art\u00edstico desde la palabra hablada, como la poes\u00eda y desde las posibilidades de contar en el cine.<\/p>\n<p>En este evento participar\u00e1n como invitadas, la ecuatoriana Sally Rodr\u00edguez Mendoza; desde Santa Marta estar\u00e1 Rossana Collazos; la tradici\u00f3n oral del pac\u00edfico est\u00e1 a cargo de Mary Grueso, Ana Yudith Gamboa, Mar\u00eda Elvira Sol\u00eds y Mar\u00eda Elisa Palacios; y por \u00faltimo, las nuevas promesas del arte de la palabra, desde Cali, Griselda Ortiz Scott y Laura Forero.<\/p>\n<p>As\u00ed mismo, se realizar\u00e1 el cineforo \u201cEllas y el Cine\u201d, un espacio para conversar con realizadoras audiovisuales j\u00f3venes que le apuestan al s\u00e9ptimo arte como plataforma para contar historias; adem\u00e1s del taller \u201cNarraci\u00f3n Oral y Teatro\u201d; y del foro \u201cEl Papel de la Mujer en la Tradici\u00f3n Oral del Pac\u00edfico\u201d, un espacio para discutir los saberes ancestrales transmitidos de generaci\u00f3n en generaci\u00f3n y que componen nuestra riqueza cultural.<\/p>\n<p><a href=\"https:\/\/drive.google.com\/file\/d\/0B7dKVO0ahyE3OXducmpXVVNUWGdhYmlTZHJUNXRsNzh5U0Nr\/view\" target=\"_blank\" rel=\"noopener\"><strong>Ver programaci\u00f3n<\/strong><\/a><\/p>\n","protected":false},"excerpt":{"rendered":"<p>Como parte de la conmemoraci\u00f3n del D\u00eda Internacional de la Mujer, se realiza el \u201cXVII Encuentro Internacional de mujeres que cuentan su Historia &#8211; Ellas tienen la palabra\u201d, del 6 al 9 de marzo de 2018. Este evento es organizado por la Fundaci\u00f3n Huellas de Paz y la Universidad Santiago[&#8230;]<\/p>\n","protected":false},"author":1,"featured_media":19895,"comment_status":"open","ping_status":"open","sticky":false,"template":"","format":"standard","meta":{"footnotes":""},"categories":[4],"tags":[],"_links":{"self":[{"href":"https:\/\/emisora.univalle.edu.co\/index.php\/wp-json\/wp\/v2\/posts\/19894"}],"collection":[{"href":"https:\/\/emisora.univalle.edu.co\/index.php\/wp-json\/wp\/v2\/posts"}],"about":[{"href":"https:\/\/emisora.univalle.edu.co\/index.php\/wp-json\/wp\/v2\/types\/post"}],"author":[{"embeddable":true,"href":"https:\/\/emisora.univalle.edu.co\/index.php\/wp-json\/wp\/v2\/users\/1"}],"replies":[{"embeddable":true,"href":"https:\/\/emisora.univalle.edu.co\/index.php\/wp-json\/wp\/v2\/comments?post=19894"}],"version-history":[{"count":1,"href":"https:\/\/emisora.univalle.edu.co\/index.php\/wp-json\/wp\/v2\/posts\/19894\/revisions"}],"predecessor-version":[{"id":19896,"href":"https:\/\/emisora.univalle.edu.co\/index.php\/wp-json\/wp\/v2\/posts\/19894\/revisions\/19896"}],"wp:featuredmedia":[{"embeddable":true,"href":"https:\/\/emisora.univalle.edu.co\/index.php\/wp-json\/wp\/v2\/media\/19895"}],"wp:attachment":[{"href":"https:\/\/emisora.univalle.edu.co\/index.php\/wp-json\/wp\/v2\/media?parent=19894"}],"wp:term":[{"taxonomy":"category","embeddable":true,"href":"https:\/\/emisora.univalle.edu.co\/index.php\/wp-json\/wp\/v2\/categories?post=19894"},{"taxonomy":"post_tag","embeddable":true,"href":"https:\/\/emisora.univalle.edu.co\/index.php\/wp-json\/wp\/v2\/tags?post=19894"}],"curies":[{"name":"wp","href":"https:\/\/api.w.org\/{rel}","templated":true}]}}