{"id":19909,"date":"2018-03-09T09:50:21","date_gmt":"2018-03-09T14:50:21","guid":{"rendered":"https:\/\/emisora.univalle.edu.co\/?p=19909"},"modified":"2018-03-09T09:50:21","modified_gmt":"2018-03-09T14:50:21","slug":"cali-sede-de-cumbre-iberoamericana-de-medicina-familiar","status":"publish","type":"post","link":"https:\/\/emisora.univalle.edu.co\/index.php\/cali-sede-de-cumbre-iberoamericana-de-medicina-familiar\/","title":{"rendered":"Cali, sede de Cumbre Iberoamericana de Medicina Familiar"},"content":{"rendered":"<p>La VII Cumbre Iberoamericano de Medicina Familiar se realizar\u00e1 en Cali, el 13 y 14 de marzo de 2017 y la Universidad del Valle ser\u00e1 anfitriona.<\/p>\n<p>La Cumbre es organizada por Organizaci\u00f3n Mundial de M\u00e9dicos Familiares \u2013WONCA (por sus siglas en ingl\u00e9s), que re\u00fane las universidades, academias y asociaciones interesadas en la pr\u00e1ctica de la medicina general o de familia, as\u00ed como la Confederaci\u00f3n Iberoamericana de Medicina Familiar, la Sociedad Colombiana de Medicina Familiar, la Universidad del Valle y la Universidad del Cauca.<\/p>\n<p>Este evento tiene como finalidad reflexionar y compartir experiencias exitosas acerca de los principales problemas de salud en Iberoam\u00e9rica y proponer estrategias de soluci\u00f3n, en la prestaci\u00f3n de servicios, formacio\u0301n de recursos humanos e investigaci\u00f3n en el campo de la Medicina Familiar y la Atenci\u00f3n Primaria en Salud (APS).<\/p>\n<p>Para alcanzar este objetivo, se definen y preparan los diagn\u00f3sticos situacionales de problemas o temas relevantes para la Regi\u00f3n, para lo cual se forman grupos de trabajo internacionales, conformados por representantes estrat\u00e9gicos de cada uno de los veinte pa\u00edses que conforman esta Regio\u0301n, con experiencia en prestaci\u00f3n de servicios (asistencia), docencia e investigaci\u00f3n.<\/p>\n<p>En el evento participar\u00e1n el ministro de salud de Colombia, Alejandro Gaviria, la ministra de salud p\u00fablica de Ecuador Ver\u00f3nica Espinosa Serrano y la ministra de salud de Rep\u00fablica Dominicana, Altagracia Guzm\u00e1n Marcelino.<\/p>\n<p>Tambi\u00e9n asistir\u00e1n el viceministro de salud p\u00fablica y prestaci\u00f3n de servicios de Colombia, Luis Fernando Correa Serna; el viceministro de Salud del Per\u00fa y el director de gesti\u00f3n del riesgo de Nicaragua.<\/p>\n<p>En la Cumbre, que se realizar\u00e1 en el Hotel Intercontinental de Cali, tambi\u00e9n participar\u00e1n representantes de las academias y asociaciones de los 109 pa\u00edses, de los cinco continentes, que pertenecen a la WONCA.<\/p>\n<p>La VII Cumbre Iberoamericana de Medicina familiar tendr\u00e1 seis ejes tem\u00e1ticos. El primero se denomina \u201cCuarenta a\u00f1os de Alma-Ata: Medicina familiar y salud familiar, un camino para la paz\u201d.<\/p>\n<p>Otros temas que sera\u0301n desarrollados en la 7a Cumbre son: Investigaci\u00f3n en el Territorio; Impacto Econ\u00f3mico de la Medicina Familiar en los Sistemas de Salud; Salud Mental, APS y MF; Prevenci\u00f3n Cuaternaria; Salud de los Migrantes. Adem\u00e1s de las conferencias y mesas redondas, que se presentar\u00e1n para dar un marco de referencia a los participantes de los grupos de trabajo, tambi\u00e9n se realizar\u00e1n talleres de discusi\u00f3n en torno a los temas mencionados.<\/p>\n<p>La medicina familiar o medicina de familia es la disciplina m\u00e9dica que se encarga de mantener la salud en todos los aspectos, analizando y estudiando el cuerpo humano en forma global.<\/p>\n<p>La especializaci\u00f3n en medicina familiar es horizontal\u200b en amplitud de predominio cl\u00ednico que comparte el conocimiento y destrezas de otras especialidades e integra las ciencias biom\u00e9dicas, conductuales y sociales (biopsicosocial o Integral)\u200b proporcionando cuidados continuos e integrales del individuo, su familia y su comunidad e incorpora todas las edades, sexo, sistemas o enfermedades.<\/p>\n<p>Vale recordar que la primera promoci\u00f3n de m\u00e9dicos familiares de la Universidad del Valle se gradu\u00f3 hace 31 a\u00f1os y el Servicio M\u00e9dico Familiar de la misma instituci\u00f3n se fund\u00f3 en 1986.<\/p>\n","protected":false},"excerpt":{"rendered":"<p>La VII Cumbre Iberoamericano de Medicina Familiar se realizar\u00e1 en Cali, el 13 y 14 de marzo de 2017 y la Universidad del Valle ser\u00e1 anfitriona. La Cumbre es organizada por Organizaci\u00f3n Mundial de M\u00e9dicos Familiares \u2013WONCA (por sus siglas en ingl\u00e9s), que re\u00fane las universidades, academias y asociaciones interesadas[&#8230;]<\/p>\n","protected":false},"author":1,"featured_media":19910,"comment_status":"open","ping_status":"open","sticky":false,"template":"","format":"standard","meta":{"footnotes":""},"categories":[4],"tags":[],"_links":{"self":[{"href":"https:\/\/emisora.univalle.edu.co\/index.php\/wp-json\/wp\/v2\/posts\/19909"}],"collection":[{"href":"https:\/\/emisora.univalle.edu.co\/index.php\/wp-json\/wp\/v2\/posts"}],"about":[{"href":"https:\/\/emisora.univalle.edu.co\/index.php\/wp-json\/wp\/v2\/types\/post"}],"author":[{"embeddable":true,"href":"https:\/\/emisora.univalle.edu.co\/index.php\/wp-json\/wp\/v2\/users\/1"}],"replies":[{"embeddable":true,"href":"https:\/\/emisora.univalle.edu.co\/index.php\/wp-json\/wp\/v2\/comments?post=19909"}],"version-history":[{"count":1,"href":"https:\/\/emisora.univalle.edu.co\/index.php\/wp-json\/wp\/v2\/posts\/19909\/revisions"}],"predecessor-version":[{"id":19911,"href":"https:\/\/emisora.univalle.edu.co\/index.php\/wp-json\/wp\/v2\/posts\/19909\/revisions\/19911"}],"wp:featuredmedia":[{"embeddable":true,"href":"https:\/\/emisora.univalle.edu.co\/index.php\/wp-json\/wp\/v2\/media\/19910"}],"wp:attachment":[{"href":"https:\/\/emisora.univalle.edu.co\/index.php\/wp-json\/wp\/v2\/media?parent=19909"}],"wp:term":[{"taxonomy":"category","embeddable":true,"href":"https:\/\/emisora.univalle.edu.co\/index.php\/wp-json\/wp\/v2\/categories?post=19909"},{"taxonomy":"post_tag","embeddable":true,"href":"https:\/\/emisora.univalle.edu.co\/index.php\/wp-json\/wp\/v2\/tags?post=19909"}],"curies":[{"name":"wp","href":"https:\/\/api.w.org\/{rel}","templated":true}]}}