{"id":19912,"date":"2018-03-09T09:51:44","date_gmt":"2018-03-09T14:51:44","guid":{"rendered":"https:\/\/emisora.univalle.edu.co\/?p=19912"},"modified":"2018-03-09T09:51:44","modified_gmt":"2018-03-09T14:51:44","slug":"se-posesionan-directivos-de-cabildo-indigena-de-univalle","status":"publish","type":"post","link":"https:\/\/emisora.univalle.edu.co\/index.php\/se-posesionan-directivos-de-cabildo-indigena-de-univalle\/","title":{"rendered":"Se posesionan directivos de Cabildo Ind\u00edgena de Univalle"},"content":{"rendered":"<p>En una minga que se realizar\u00e1 el 15 y 16 de marzo, en el campus de Mel\u00e9ndez se posesionar\u00e1 la nueva directiva del Cabildo Ind\u00edgena de la Universidad del Valle, del que hacen parte estudiantes de los pueblos Nasa, Pisamira, Pastos, Misak, Yanacona e Inga.<\/p>\n<p>La posesi\u00f3n estar\u00e1 a cargo del Rector de la Universidad del Valle Edgar Varela Barrios o su delegado, junto con las autoridades ancestrales de los pueblos integrantes del cabildo.<\/p>\n<p>La nueva directiva estar\u00e1 integrada por el gobernador Gabriel Cuat\u00edn Cuesta, estudiante del Programa Acad\u00e9mico de Licenciatura en Educaci\u00f3n F\u00edsica y Deportes y perteneciente del Pueblo Pastos.<\/p>\n<p>Como vicegobernador se posesiona Jos\u00e9 T\u00e1laga Noscu\u00e9, estudiante del Programa de Licenciatura en Matem\u00e1ticas y F\u00edsica, del Pueblo Nasa.<\/p>\n<p>La secretaria de la directiva es Kathy Elizabeth Chinguad, estudiante del Programa de Psicolog\u00eda y perteneciente al Pueblo Pastos.<\/p>\n<p>La consejera mayor es Carely Londo\u00f1o del Programa de Licenciatura en Literatura, del Pueblo Pisamira.<\/p>\n<p>La minga se inicia el jueves 15 de marzo a las 2.00 p.m, con conferencias a cargo de acad\u00e9micos y l\u00edderes de los pueblos participantes en torno al tema \u201cExperiencias de organizaci\u00f3n ind\u00edgena hacia el buen vivir, como componente esencial en la construcci\u00f3n de planes de vida\u201d.<\/p>\n<p>Las conferencias estar\u00e1n a cargo del l\u00edder del pueblo ind\u00edgena Inga de Aponte, Hernando Chindoy, especialista en cooperaci\u00f3n internacional y derecho de los pueblos ind\u00edgenas de la Universidad Carlos III de Espa\u00f1a; la ingeniera Ligna Pulido, comunera del Pueblo Nasa, quien fue coordinadora de la construcci\u00f3n del plan de vida del proyecto Nasa de Torib\u00edo y la economista Mercedes Tunubal\u00e1 del pueblo Misak.<\/p>\n<p>El objetivo del cabildo, al que pertenecen estudiantes de los departamentos de Cauca, Nari\u00f1o y Vaup\u00e9s, es de fortalecer la identidad cultural, organizativa y pol\u00edtica de los ind\u00edgenas, en el intercambio acad\u00e9mico que viven los estudiantes que ingresan a la universidad.<\/p>\n<p>El cabildo se fund\u00f3 hace 16 a\u00f1os en la Universidad del Valle y ha servido de modelo para la creaci\u00f3n de agrupaciones similares en otras universidades en el pa\u00eds.<\/p>\n<p>El acto de posesi\u00f3n simboliza la transici\u00f3n de mando en el orden f\u00edsico y espiritual y se materializa mediante la entrega de los bastones mando.<\/p>\n","protected":false},"excerpt":{"rendered":"<p>En una minga que se realizar\u00e1 el 15 y 16 de marzo, en el campus de Mel\u00e9ndez se posesionar\u00e1 la nueva directiva del Cabildo Ind\u00edgena de la Universidad del Valle, del que hacen parte estudiantes de los pueblos Nasa, Pisamira, Pastos, Misak, Yanacona e Inga. La posesi\u00f3n estar\u00e1 a cargo[&#8230;]<\/p>\n","protected":false},"author":1,"featured_media":19913,"comment_status":"open","ping_status":"open","sticky":false,"template":"","format":"standard","meta":{"footnotes":""},"categories":[4],"tags":[],"_links":{"self":[{"href":"https:\/\/emisora.univalle.edu.co\/index.php\/wp-json\/wp\/v2\/posts\/19912"}],"collection":[{"href":"https:\/\/emisora.univalle.edu.co\/index.php\/wp-json\/wp\/v2\/posts"}],"about":[{"href":"https:\/\/emisora.univalle.edu.co\/index.php\/wp-json\/wp\/v2\/types\/post"}],"author":[{"embeddable":true,"href":"https:\/\/emisora.univalle.edu.co\/index.php\/wp-json\/wp\/v2\/users\/1"}],"replies":[{"embeddable":true,"href":"https:\/\/emisora.univalle.edu.co\/index.php\/wp-json\/wp\/v2\/comments?post=19912"}],"version-history":[{"count":1,"href":"https:\/\/emisora.univalle.edu.co\/index.php\/wp-json\/wp\/v2\/posts\/19912\/revisions"}],"predecessor-version":[{"id":19914,"href":"https:\/\/emisora.univalle.edu.co\/index.php\/wp-json\/wp\/v2\/posts\/19912\/revisions\/19914"}],"wp:featuredmedia":[{"embeddable":true,"href":"https:\/\/emisora.univalle.edu.co\/index.php\/wp-json\/wp\/v2\/media\/19913"}],"wp:attachment":[{"href":"https:\/\/emisora.univalle.edu.co\/index.php\/wp-json\/wp\/v2\/media?parent=19912"}],"wp:term":[{"taxonomy":"category","embeddable":true,"href":"https:\/\/emisora.univalle.edu.co\/index.php\/wp-json\/wp\/v2\/categories?post=19912"},{"taxonomy":"post_tag","embeddable":true,"href":"https:\/\/emisora.univalle.edu.co\/index.php\/wp-json\/wp\/v2\/tags?post=19912"}],"curies":[{"name":"wp","href":"https:\/\/api.w.org\/{rel}","templated":true}]}}