{"id":19915,"date":"2018-03-09T09:53:06","date_gmt":"2018-03-09T14:53:06","guid":{"rendered":"https:\/\/emisora.univalle.edu.co\/?p=19915"},"modified":"2018-03-09T09:53:06","modified_gmt":"2018-03-09T14:53:06","slug":"univalle-contribuye-a-mejorar-la-movilidad-en-el-sur-de-cali","status":"publish","type":"post","link":"https:\/\/emisora.univalle.edu.co\/index.php\/univalle-contribuye-a-mejorar-la-movilidad-en-el-sur-de-cali\/","title":{"rendered":"Univalle contribuye a mejorar la movilidad en el sur de Cali"},"content":{"rendered":"<p>La mesa t\u00e9cnica creada por la Alcald\u00eda de Cali, de la cual participaron rectores de Instituciones de Educaci\u00f3n Superior y colegios del sur de la ciudad, se reuni\u00f3 este jueves 8 de marzo en el &#8216;Ecoparque las Garzas&#8217; para firmar un pacto que acoge medidas encaminadas a mejorar la movilidad de este neur\u00e1lgico sector de Cali, por donde circulan m\u00e1s de 6.000 veh\u00edculos en las horas pico.<\/p>\n<p>De la firma del pacto participaron el alcalde de Cali Maurice Armitage, rectores de ocho universidades del sur de la ciudad, una delegaci\u00f3n de la Asociaci\u00f3n de Colegios Privados del Valle -ASOCOPRI, (que re\u00fane 27 instituciones educativas), as\u00ed como algunos funcionarios y empresarios relacionados con el sector transporte, como el Centro de Diagn\u00f3stico Automotor y Metrocali.<\/p>\n<p>Los rectores de universidades y colegios se reunieron, antes de salir hacia el Ecoparque, cerca de la Estaci\u00f3n Universidades del MIO para compartir un bus, mientras que otro grupo, liderado por el alcalde de Cali, parti\u00f3 en bicicleta desde la Universidad Javeriana.<\/p>\n<p>La mesa t\u00e9cnica tiene como funci\u00f3n principal abordar la problem\u00e1tica de la movilidad en el sur de la ciudad para concertar soluciones de manera articulada y concertada entre las instituciones educativas y el sector p\u00fablico.<\/p>\n<p>Durante la firma del pacto, el rector de la Universidad del Valle, Edgar Varela Barrios, se\u00f1al\u00f3 que \u201caunque no compartimos varias particularidades que tienen universidades del sur de la ciudad en materia de movilidad, somos solidarios con este complejo problema. En este sentido, la Universidad del Valle considera que la alternativa m\u00e1s importante se centra en el uso de la bicicleta, tema en el cual somos pioneros. Tambi\u00e9n es importante fortalecer el transporte p\u00fablico, especialmente el MIO, recordemos que el Alcalde se ha comprometido a destinar rutas suplementarias para el sector, y en la construcci\u00f3n de la Estaci\u00f3n Sur del MIO, que es en mi juicio, la clave para solucionar todo el problema vial de la ciudad\u201d.<\/p>\n<p>Entre las propuestas que se discutieron en la mesa, y que tuvieron como objetivo analizar y dinamizar el flujo vehicular en dicha zona de la ciudad donde conviven alrededor de 14.000 habitantes, est\u00e1n la instauraci\u00f3n del pico y placa todo el d\u00eda al interior de varios campus universitarios, el cambio de horario de entrada y el uso del veh\u00edculo compartido. De igual manera, tambi\u00e9n se contempla la posibilidad de que las universidades y colegios modifiquen su horario de ingreso, como una forma de evitar las aglomeraciones.<\/p>\n<p>\u201cLa Alcald\u00eda y los representantes de colegios y universidades llegaron a un acuerdo para que los colegios entren m\u00e1s tarde y las universidades m\u00e1s temprano, teniendo en cuenta que los colegios manejan una poblaci\u00f3n de ni\u00f1os y j\u00f3venes\u201d, se\u00f1al\u00f3 Carolina Campo, subsecretaria de cultura ciudadana de Cali.<\/p>\n<p>\u201cTambi\u00e9n es muy importante que en los colegios privados se tomen decisiones para que el grueso de los padres de familia lleven a sus hijos en el sistema de transporte escolar, y no en sus veh\u00edculos particulares, pues esta es uno de los temas m\u00e1s complejos del tranc\u00f3n\u201d, se\u00f1al\u00f3 Edgar Varela Barrios.<\/p>\n<p>Por su parte, el alcalde de Cali Maurice Armitage dijo que \u201cla Alcald\u00eda, las universidades, los colegios y todos los habitantes del sur de la ciudad van a hacer un gran esfuerzo colectivo para mejorar la movilidad en este sector, pues nos esperan dos duros a\u00f1os de obras. Por esta raz\u00f3n necesitamos de la concurrencia y participaci\u00f3n de los ciudadanos en esta iniciativa: yo ayudo, todos ayudamos\u201d.<\/p>\n","protected":false},"excerpt":{"rendered":"<p>La mesa t\u00e9cnica creada por la Alcald\u00eda de Cali, de la cual participaron rectores de Instituciones de Educaci\u00f3n Superior y colegios del sur de la ciudad, se reuni\u00f3 este jueves 8 de marzo en el &#8216;Ecoparque las Garzas&#8217; para firmar un pacto que acoge medidas encaminadas a mejorar la movilidad[&#8230;]<\/p>\n","protected":false},"author":1,"featured_media":19916,"comment_status":"open","ping_status":"open","sticky":false,"template":"","format":"standard","meta":{"footnotes":""},"categories":[4],"tags":[],"_links":{"self":[{"href":"https:\/\/emisora.univalle.edu.co\/index.php\/wp-json\/wp\/v2\/posts\/19915"}],"collection":[{"href":"https:\/\/emisora.univalle.edu.co\/index.php\/wp-json\/wp\/v2\/posts"}],"about":[{"href":"https:\/\/emisora.univalle.edu.co\/index.php\/wp-json\/wp\/v2\/types\/post"}],"author":[{"embeddable":true,"href":"https:\/\/emisora.univalle.edu.co\/index.php\/wp-json\/wp\/v2\/users\/1"}],"replies":[{"embeddable":true,"href":"https:\/\/emisora.univalle.edu.co\/index.php\/wp-json\/wp\/v2\/comments?post=19915"}],"version-history":[{"count":1,"href":"https:\/\/emisora.univalle.edu.co\/index.php\/wp-json\/wp\/v2\/posts\/19915\/revisions"}],"predecessor-version":[{"id":19917,"href":"https:\/\/emisora.univalle.edu.co\/index.php\/wp-json\/wp\/v2\/posts\/19915\/revisions\/19917"}],"wp:featuredmedia":[{"embeddable":true,"href":"https:\/\/emisora.univalle.edu.co\/index.php\/wp-json\/wp\/v2\/media\/19916"}],"wp:attachment":[{"href":"https:\/\/emisora.univalle.edu.co\/index.php\/wp-json\/wp\/v2\/media?parent=19915"}],"wp:term":[{"taxonomy":"category","embeddable":true,"href":"https:\/\/emisora.univalle.edu.co\/index.php\/wp-json\/wp\/v2\/categories?post=19915"},{"taxonomy":"post_tag","embeddable":true,"href":"https:\/\/emisora.univalle.edu.co\/index.php\/wp-json\/wp\/v2\/tags?post=19915"}],"curies":[{"name":"wp","href":"https:\/\/api.w.org\/{rel}","templated":true}]}}