{"id":19918,"date":"2018-03-14T15:18:23","date_gmt":"2018-03-14T20:18:23","guid":{"rendered":"https:\/\/emisora.univalle.edu.co\/?p=19918"},"modified":"2018-03-14T15:18:23","modified_gmt":"2018-03-14T20:18:23","slug":"inscripciones-al-taller-de-lecto-escritura-braille","status":"publish","type":"post","link":"https:\/\/emisora.univalle.edu.co\/index.php\/inscripciones-al-taller-de-lecto-escritura-braille\/","title":{"rendered":"Inscripciones al taller de Lecto-escritura Braille"},"content":{"rendered":"<p>a Divisi\u00f3n de Bibliotecas de la Universidad del Valle invita a la comunidad universitaria y al p\u00fablico en general a participar del \u201cTaller de Lecto-escritura Braille\u201d, que se realizar\u00e1 entre abril 10 y junio 26 de 2018.<\/p>\n<p>El taller brindar\u00e1 a los asistentes herramientas para el conocimiento del sistema braille y a su vez sensibilizarlos sobre la discapacidad visual.<\/p>\n<p>El curso se realizar\u00e1 simult\u00e1neamente en las sedes Mel\u00e9ndez y San Fernando, con una tiene una intensidad horaria de 24 horas y de forma gratuita.<\/p>\n<p><strong>Sede Mel\u00e9ndez<\/strong><\/p>\n<p>Martes: 9:00 am \u2013 12:00 m<br \/>\nBiblioteca Mario Carvajal<br \/>\nLugar: Sala de Seminarios (4to piso)<\/p>\n<p><strong>Sede San Fernando<\/strong><\/p>\n<p>Martes 2:00 pm \u2013 5:00 pm<br \/>\nBiblioteca San Fernando<br \/>\nLugar: Mediateca.<\/p>\n<p><strong>Informes e inscripciones:<\/strong><br \/>\n<a href=\"mailto:Luis.a.soto@correounivalle.edu.co\">Luis.a.soto@correounivalle.edu.co<\/a><br \/>\nBiblioteca Mario Carvajal &#8211; 4to piso<br \/>\nTel\u00e9fonos: 3212973<\/p>\n<p>Biblioteca San Fernando -Mediateca<br \/>\nTel\u00e9fono: 5185637<\/p>\n","protected":false},"excerpt":{"rendered":"<p>a Divisi\u00f3n de Bibliotecas de la Universidad del Valle invita a la comunidad universitaria y al p\u00fablico en general a participar del \u201cTaller de Lecto-escritura Braille\u201d, que se realizar\u00e1 entre abril 10 y junio 26 de 2018. El taller brindar\u00e1 a los asistentes herramientas para el conocimiento del sistema braille[&#8230;]<\/p>\n","protected":false},"author":1,"featured_media":19919,"comment_status":"open","ping_status":"open","sticky":false,"template":"","format":"standard","meta":{"footnotes":""},"categories":[4],"tags":[],"_links":{"self":[{"href":"https:\/\/emisora.univalle.edu.co\/index.php\/wp-json\/wp\/v2\/posts\/19918"}],"collection":[{"href":"https:\/\/emisora.univalle.edu.co\/index.php\/wp-json\/wp\/v2\/posts"}],"about":[{"href":"https:\/\/emisora.univalle.edu.co\/index.php\/wp-json\/wp\/v2\/types\/post"}],"author":[{"embeddable":true,"href":"https:\/\/emisora.univalle.edu.co\/index.php\/wp-json\/wp\/v2\/users\/1"}],"replies":[{"embeddable":true,"href":"https:\/\/emisora.univalle.edu.co\/index.php\/wp-json\/wp\/v2\/comments?post=19918"}],"version-history":[{"count":1,"href":"https:\/\/emisora.univalle.edu.co\/index.php\/wp-json\/wp\/v2\/posts\/19918\/revisions"}],"predecessor-version":[{"id":19920,"href":"https:\/\/emisora.univalle.edu.co\/index.php\/wp-json\/wp\/v2\/posts\/19918\/revisions\/19920"}],"wp:featuredmedia":[{"embeddable":true,"href":"https:\/\/emisora.univalle.edu.co\/index.php\/wp-json\/wp\/v2\/media\/19919"}],"wp:attachment":[{"href":"https:\/\/emisora.univalle.edu.co\/index.php\/wp-json\/wp\/v2\/media?parent=19918"}],"wp:term":[{"taxonomy":"category","embeddable":true,"href":"https:\/\/emisora.univalle.edu.co\/index.php\/wp-json\/wp\/v2\/categories?post=19918"},{"taxonomy":"post_tag","embeddable":true,"href":"https:\/\/emisora.univalle.edu.co\/index.php\/wp-json\/wp\/v2\/tags?post=19918"}],"curies":[{"name":"wp","href":"https:\/\/api.w.org\/{rel}","templated":true}]}}