{"id":19921,"date":"2018-03-14T15:19:46","date_gmt":"2018-03-14T20:19:46","guid":{"rendered":"https:\/\/emisora.univalle.edu.co\/?p=19921"},"modified":"2018-03-14T15:19:46","modified_gmt":"2018-03-14T20:19:46","slug":"concurso-de-fotografia-un-mundo-de-luz","status":"publish","type":"post","link":"https:\/\/emisora.univalle.edu.co\/index.php\/concurso-de-fotografia-un-mundo-de-luz\/","title":{"rendered":"Concurso de Fotograf\u00eda: Un Mundo de Luz"},"content":{"rendered":"<p>El Cap\u00edtulo de \u00d3ptica de la Universidad del Valle \u2013 CUVO, realizar\u00e1 un concurso de fotograf\u00eda en el marco de la celebraci\u00f3n del D\u00eda Internacional de la Luz.<\/p>\n<p>La ONU proclam\u00f3 el 16 de mayo como el D\u00eda Internacional de la Luz (este 2018 es la primer celebraci\u00f3n), resaltando la importancia de esta y sus diferentes usos en nuestras vidas, a trav\u00e9s de aplicaciones en ciencia, tecnolog\u00eda, educaci\u00f3n, artes, comunicaci\u00f3n, energ\u00eda y dem\u00e1s \u00e1reas.<\/p>\n<p>El Cap\u00edtulo Universidad del Valle de \u00d3ptica (CUVO), que lleva m\u00e1s de 15 a\u00f1os realizando actividades de divulgaci\u00f3n cient\u00edfica con enfoque social, celebrar\u00e1 el primer D\u00eda Internacional de la Luz con una serie de eventos* dentro de los que se encuentra el concurso de fotograf\u00eda Un Mundo de Luz.<\/p>\n<p>En el concurso pueden participar todos miembros de la comunidad universitaria hasta con cinco fotograf\u00edas (una por tem\u00e1tica).Los tres primeros lugares ser\u00e1n premiados y las diez mejores fotograf\u00edas ser\u00e1n expuestas en la Biblioteca Mario Carvajal del 7 al 12 de mayo.<\/p>\n<p>Consulte las\u00a0<a href=\"https:\/\/drive.google.com\/file\/d\/1hIpikAmu2D9zzmB1TnOzoAfDxsCPTDvF\/view?usp=sharing\">Bases del Concurso<\/a><br \/>\nInformes:\u00a0<a href=\"mailto:cuvo.studentchapter@correounivalle.edu.co\">cuvo.studentchapter@correounivalle.edu.co<\/a><\/p>\n","protected":false},"excerpt":{"rendered":"<p>El Cap\u00edtulo de \u00d3ptica de la Universidad del Valle \u2013 CUVO, realizar\u00e1 un concurso de fotograf\u00eda en el marco de la celebraci\u00f3n del D\u00eda Internacional de la Luz. La ONU proclam\u00f3 el 16 de mayo como el D\u00eda Internacional de la Luz (este 2018 es la primer celebraci\u00f3n), resaltando la[&#8230;]<\/p>\n","protected":false},"author":1,"featured_media":19922,"comment_status":"open","ping_status":"open","sticky":false,"template":"","format":"standard","meta":{"footnotes":""},"categories":[4],"tags":[],"_links":{"self":[{"href":"https:\/\/emisora.univalle.edu.co\/index.php\/wp-json\/wp\/v2\/posts\/19921"}],"collection":[{"href":"https:\/\/emisora.univalle.edu.co\/index.php\/wp-json\/wp\/v2\/posts"}],"about":[{"href":"https:\/\/emisora.univalle.edu.co\/index.php\/wp-json\/wp\/v2\/types\/post"}],"author":[{"embeddable":true,"href":"https:\/\/emisora.univalle.edu.co\/index.php\/wp-json\/wp\/v2\/users\/1"}],"replies":[{"embeddable":true,"href":"https:\/\/emisora.univalle.edu.co\/index.php\/wp-json\/wp\/v2\/comments?post=19921"}],"version-history":[{"count":1,"href":"https:\/\/emisora.univalle.edu.co\/index.php\/wp-json\/wp\/v2\/posts\/19921\/revisions"}],"predecessor-version":[{"id":19923,"href":"https:\/\/emisora.univalle.edu.co\/index.php\/wp-json\/wp\/v2\/posts\/19921\/revisions\/19923"}],"wp:featuredmedia":[{"embeddable":true,"href":"https:\/\/emisora.univalle.edu.co\/index.php\/wp-json\/wp\/v2\/media\/19922"}],"wp:attachment":[{"href":"https:\/\/emisora.univalle.edu.co\/index.php\/wp-json\/wp\/v2\/media?parent=19921"}],"wp:term":[{"taxonomy":"category","embeddable":true,"href":"https:\/\/emisora.univalle.edu.co\/index.php\/wp-json\/wp\/v2\/categories?post=19921"},{"taxonomy":"post_tag","embeddable":true,"href":"https:\/\/emisora.univalle.edu.co\/index.php\/wp-json\/wp\/v2\/tags?post=19921"}],"curies":[{"name":"wp","href":"https:\/\/api.w.org\/{rel}","templated":true}]}}