{"id":19924,"date":"2018-03-14T15:28:47","date_gmt":"2018-03-14T20:28:47","guid":{"rendered":"https:\/\/emisora.univalle.edu.co\/?p=19924"},"modified":"2018-03-14T15:28:47","modified_gmt":"2018-03-14T20:28:47","slug":"pilar-quintana-en-viernes-de-letras","status":"publish","type":"post","link":"https:\/\/emisora.univalle.edu.co\/index.php\/pilar-quintana-en-viernes-de-letras\/","title":{"rendered":"Pilar Quintana en Viernes de Letras"},"content":{"rendered":"<p>La escritora cale\u00f1a Pilar Quintana es la invitada a la pr\u00f3xima sesi\u00f3n de Viernes de Letras, que se realizar\u00e1 este 16 de marzo, a las 6:00 p.m., en el Auditorio \u00c1ngel Zapata de la Biblioteca Mario Carvajal, Campus de Mel\u00e9ndez.<\/p>\n<p><a href=\"https:\/\/emisora.univalle.edu.co\/pilar-quintana-en-viernes-de-letras\/29214002_1820884437943954_8078646597755579209_n\/\" rel=\"attachment wp-att-19925\"><img loading=\"lazy\" decoding=\"async\" class=\"size-full wp-image-19925 aligncenter\" src=\"https:\/\/emisora.univalle.edu.co\/wp-content\/uploads\/2018\/03\/29214002_1820884437943954_8078646597755579209_n.jpg\" alt=\"\" width=\"621\" height=\"960\" srcset=\"https:\/\/emisora.univalle.edu.co\/wp-content\/uploads\/2018\/03\/29214002_1820884437943954_8078646597755579209_n.jpg 621w, https:\/\/emisora.univalle.edu.co\/wp-content\/uploads\/2018\/03\/29214002_1820884437943954_8078646597755579209_n-194x300.jpg 194w, https:\/\/emisora.univalle.edu.co\/wp-content\/uploads\/2018\/03\/29214002_1820884437943954_8078646597755579209_n-560x866.jpg 560w\" sizes=\"(max-width: 621px) 100vw, 621px\" \/><\/a><\/p>\n<p>Pilar Quintana estar\u00e1 acompa\u00f1ada en el conversatorio por la profesora Ida Valencia Ortiz y el estudiante Jimmy Rodr\u00edguez. En esta ocasi\u00f3n, la invitada ser\u00e1 presentada por la estudiante de Licenciatura en Literatura Andrea Nathalia D\u00edaz Lasso.<\/p>\n<p>Pilar Quintana naci\u00f3 en Cali, en 1972. Comunicadora Social de la Universidad Javeriana de Bogot\u00e1. Entre sus publicaciones m\u00e1s destacadas se encuentran cuatro novelas: \u201cCosquillas en la lengua\u201d (2003), \u201cColeccionistas de polvos raros\u201d (2007), \u201cConspiraci\u00f3n iguana\u201d (2009) y \u201cLa perra\u201d (2017), con la cual obtuvo el Premio Biblioteca de Narrativa Colombiana. Adem\u00e1s, ha publicado el libro de cuentos \u201cCaperucita se come al lobo\u201d (2012) y diversos relatos en antolog\u00edas y revistas internacionales.<\/p>\n<p>Actualmente alterna su oficio de escritora con la participaci\u00f3n en la Red Nacional de Talleres de Escritura Creativa del Ministerio de Cultura.<\/p>\n<p>Viernes de Letras es un programa permanente de la Escuela de Estudios Literarios, con el apoyo del \u00c1rea Cultural de la Divisi\u00f3n de Bibliotecas y la Rector\u00eda.<\/p>\n","protected":false},"excerpt":{"rendered":"<p>La escritora cale\u00f1a Pilar Quintana es la invitada a la pr\u00f3xima sesi\u00f3n de Viernes de Letras, que se realizar\u00e1 este 16 de marzo, a las 6:00 p.m., en el Auditorio \u00c1ngel Zapata de la Biblioteca Mario Carvajal, Campus de Mel\u00e9ndez. Pilar Quintana estar\u00e1 acompa\u00f1ada en el conversatorio por la profesora[&#8230;]<\/p>\n","protected":false},"author":1,"featured_media":19929,"comment_status":"open","ping_status":"open","sticky":false,"template":"","format":"standard","meta":{"footnotes":""},"categories":[4],"tags":[],"_links":{"self":[{"href":"https:\/\/emisora.univalle.edu.co\/index.php\/wp-json\/wp\/v2\/posts\/19924"}],"collection":[{"href":"https:\/\/emisora.univalle.edu.co\/index.php\/wp-json\/wp\/v2\/posts"}],"about":[{"href":"https:\/\/emisora.univalle.edu.co\/index.php\/wp-json\/wp\/v2\/types\/post"}],"author":[{"embeddable":true,"href":"https:\/\/emisora.univalle.edu.co\/index.php\/wp-json\/wp\/v2\/users\/1"}],"replies":[{"embeddable":true,"href":"https:\/\/emisora.univalle.edu.co\/index.php\/wp-json\/wp\/v2\/comments?post=19924"}],"version-history":[{"count":5,"href":"https:\/\/emisora.univalle.edu.co\/index.php\/wp-json\/wp\/v2\/posts\/19924\/revisions"}],"predecessor-version":[{"id":19931,"href":"https:\/\/emisora.univalle.edu.co\/index.php\/wp-json\/wp\/v2\/posts\/19924\/revisions\/19931"}],"wp:featuredmedia":[{"embeddable":true,"href":"https:\/\/emisora.univalle.edu.co\/index.php\/wp-json\/wp\/v2\/media\/19929"}],"wp:attachment":[{"href":"https:\/\/emisora.univalle.edu.co\/index.php\/wp-json\/wp\/v2\/media?parent=19924"}],"wp:term":[{"taxonomy":"category","embeddable":true,"href":"https:\/\/emisora.univalle.edu.co\/index.php\/wp-json\/wp\/v2\/categories?post=19924"},{"taxonomy":"post_tag","embeddable":true,"href":"https:\/\/emisora.univalle.edu.co\/index.php\/wp-json\/wp\/v2\/tags?post=19924"}],"curies":[{"name":"wp","href":"https:\/\/api.w.org\/{rel}","templated":true}]}}