{"id":19935,"date":"2018-03-15T12:11:36","date_gmt":"2018-03-15T17:11:36","guid":{"rendered":"https:\/\/emisora.univalle.edu.co\/?p=19935"},"modified":"2018-03-15T12:11:36","modified_gmt":"2018-03-15T17:11:36","slug":"conversatorio-con-william-vega-director-de-la-pelicula-sal","status":"publish","type":"post","link":"https:\/\/emisora.univalle.edu.co\/index.php\/conversatorio-con-william-vega-director-de-la-pelicula-sal\/","title":{"rendered":"Conversatorio con William Vega, director de la pel\u00edcula \u201cSal\u201d"},"content":{"rendered":"<p>El director de cine, egresado del programa de Comunicaci\u00f3n Social William Vega, estar\u00e1 en la Universidad del Valle hablando del estreno de \u201cSal\u201d, su m\u00e1s reciente pel\u00edcula, en un\u00a0conversatorio, el pr\u00f3ximo jueves 22 de marzo, en el Auditorio Carlos Restrepo, Campus de Mel\u00e9ndez, Edificio 316, a las 4:00 p.m.<\/p>\n<p>La pel\u00edcula \u201cSal\u201d se estrenar\u00e1 el pr\u00f3ximo 05 de abril a nivel nacional.<\/p>\n<p>En el conversatorio se presentar\u00e1 el detr\u00e1s de c\u00e1mara de la pel\u00edcula y se compartir\u00e1 un espacio con el director y otros integrantes del equipo realizador.<\/p>\n<p>Sal, es una coproducci\u00f3n de Contrav\u00eda Films con Cine Sud Promotion (Francia), en asocio con Dago Garc\u00eda Producciones, Caracol Cine, Universidad Aut\u00f3noma de Occidente y HD Cinema Colombia.<\/p>\n<p>Esta pel\u00edcula retrata el viaje que emprende Heraldo en busca de su desaparecido padre. Recorre una solitaria carretera en medio de un agreste desierto a bordo de su vieja motocicleta. En un instante se le escapa la vida por un abismo. Salom\u00f3n y Magdalena, una pareja de ermita\u00f1os que vive escondida entre la tierra \u00e1rida, lo alimentan con cactus del desierto y sanan sus heridas con sal. Ahora con su cuerpo y su motocicleta golpeados Heraldo est\u00e1 atrapado. S\u00f3lo calmando su tormento interno Heraldo podr\u00e1 regresar al camino.<\/p>\n<p>Este es el segundo largometraje de William Vega, cuya \u00f3pera prima fue La Sirga que se estren\u00f3 en el 2012 en la Quincena de realizadores de Cannes. William es egresado de la Universidad del Valle y especialista en Guion de Cine y TV de la Escuela Superior de Artes y Espect\u00e1culos TAI Madrid. Ha trabajado como Asistente de direcci\u00f3n en pel\u00edculas como El Vuelco del Cangrejo, Siembra y Tormentero. Tambi\u00e9n dirigi\u00f3 los cortometrajes Simiente y Santiam\u00e9n.<\/p>\n<p>Este conversatorio es organizado por la Cinemateca de la Facultad de Artes Integradas.<\/p>\n<p>Agencia de Noticias Univalle<\/p>\n","protected":false},"excerpt":{"rendered":"<p>El director de cine, egresado del programa de Comunicaci\u00f3n Social William Vega, estar\u00e1 en la Universidad del Valle hablando del estreno de \u201cSal\u201d, su m\u00e1s reciente pel\u00edcula, en un\u00a0conversatorio, el pr\u00f3ximo jueves 22 de marzo, en el Auditorio Carlos Restrepo, Campus de Mel\u00e9ndez, Edificio 316, a las 4:00 p.m. La[&#8230;]<\/p>\n","protected":false},"author":1,"featured_media":19936,"comment_status":"open","ping_status":"open","sticky":false,"template":"","format":"standard","meta":{"footnotes":""},"categories":[4],"tags":[],"_links":{"self":[{"href":"https:\/\/emisora.univalle.edu.co\/index.php\/wp-json\/wp\/v2\/posts\/19935"}],"collection":[{"href":"https:\/\/emisora.univalle.edu.co\/index.php\/wp-json\/wp\/v2\/posts"}],"about":[{"href":"https:\/\/emisora.univalle.edu.co\/index.php\/wp-json\/wp\/v2\/types\/post"}],"author":[{"embeddable":true,"href":"https:\/\/emisora.univalle.edu.co\/index.php\/wp-json\/wp\/v2\/users\/1"}],"replies":[{"embeddable":true,"href":"https:\/\/emisora.univalle.edu.co\/index.php\/wp-json\/wp\/v2\/comments?post=19935"}],"version-history":[{"count":1,"href":"https:\/\/emisora.univalle.edu.co\/index.php\/wp-json\/wp\/v2\/posts\/19935\/revisions"}],"predecessor-version":[{"id":19937,"href":"https:\/\/emisora.univalle.edu.co\/index.php\/wp-json\/wp\/v2\/posts\/19935\/revisions\/19937"}],"wp:featuredmedia":[{"embeddable":true,"href":"https:\/\/emisora.univalle.edu.co\/index.php\/wp-json\/wp\/v2\/media\/19936"}],"wp:attachment":[{"href":"https:\/\/emisora.univalle.edu.co\/index.php\/wp-json\/wp\/v2\/media?parent=19935"}],"wp:term":[{"taxonomy":"category","embeddable":true,"href":"https:\/\/emisora.univalle.edu.co\/index.php\/wp-json\/wp\/v2\/categories?post=19935"},{"taxonomy":"post_tag","embeddable":true,"href":"https:\/\/emisora.univalle.edu.co\/index.php\/wp-json\/wp\/v2\/tags?post=19935"}],"curies":[{"name":"wp","href":"https:\/\/api.w.org\/{rel}","templated":true}]}}