{"id":19941,"date":"2018-03-15T12:14:41","date_gmt":"2018-03-15T17:14:41","guid":{"rendered":"https:\/\/emisora.univalle.edu.co\/?p=19941"},"modified":"2018-03-15T12:14:41","modified_gmt":"2018-03-15T17:14:41","slug":"ii-congreso-colombiano-de-medicina-familiar","status":"publish","type":"post","link":"https:\/\/emisora.univalle.edu.co\/index.php\/ii-congreso-colombiano-de-medicina-familiar\/","title":{"rendered":"II Congreso Colombiano de Medicina Familiar"},"content":{"rendered":"<p>Este jueves inician el I Congreso Sub-Regional Andino y el II Congreso Colombiano de Medicina Familiar, que se realizar\u00e1n del 15 al 17 de marzo en el Hotel Intercontinental de Cali.<\/p>\n<p>Ambos congresos se desarrollan como parte de la V Cumbre Iberoamericana de Medicina Familiar, en los que estar\u00e1 presente Amanda Howe, presidenta de la Organizaci\u00f3n Mundial de Medicina Familiar &#8211; WONCA, y quien ma\u00f1ana, despu\u00e9s de la inauguraci\u00f3n, presentar\u00e1 una plenaria sobre los retos y desaf\u00edos de los programas en medicina familiar.<\/p>\n<p>El evento contar\u00e1 con la presencia de 48 ponentes internacionales y 28 nacionales, que hablar\u00e1n alrededor de 23 ejes tem\u00e1ticos, tales como enfermedades cr\u00f3nicas, salud del adolescente, salud sexual y reproductiva, modelos de formaci\u00f3n en medicina familiar, geriatr\u00eda y salud del adulto mayor, e investigaciones en \u00e1reas como diabetes, hipertensi\u00f3n y problemas pulmonares.<\/p>\n<p>Paralelo al evento se contar\u00e1 tambi\u00e9n con talleres de Canto y Cantoterapia, Medicinas Complementarias, y el WONCA Working Party: Women &amp; Family Medicine.<\/p>\n<p>Cada d\u00eda arrancar\u00e1 con una plenaria y luego con presentaciones divididas en cuatro salones dependiendo del tema a tratar. Un programa bastante integral sobre los nuevos desaf\u00edos que enfrenta la medicina familiar en nuestro pa\u00eds.<\/p>\n<p><strong>Informes:<\/strong>\u00a0www.socmef.com\/congresomf<\/p>\n<p>Agencia de Noticias Univalle<\/p>\n","protected":false},"excerpt":{"rendered":"<p>Este jueves inician el I Congreso Sub-Regional Andino y el II Congreso Colombiano de Medicina Familiar, que se realizar\u00e1n del 15 al 17 de marzo en el Hotel Intercontinental de Cali. Ambos congresos se desarrollan como parte de la V Cumbre Iberoamericana de Medicina Familiar, en los que estar\u00e1 presente[&#8230;]<\/p>\n","protected":false},"author":1,"featured_media":19942,"comment_status":"open","ping_status":"open","sticky":false,"template":"","format":"standard","meta":{"footnotes":""},"categories":[4],"tags":[],"_links":{"self":[{"href":"https:\/\/emisora.univalle.edu.co\/index.php\/wp-json\/wp\/v2\/posts\/19941"}],"collection":[{"href":"https:\/\/emisora.univalle.edu.co\/index.php\/wp-json\/wp\/v2\/posts"}],"about":[{"href":"https:\/\/emisora.univalle.edu.co\/index.php\/wp-json\/wp\/v2\/types\/post"}],"author":[{"embeddable":true,"href":"https:\/\/emisora.univalle.edu.co\/index.php\/wp-json\/wp\/v2\/users\/1"}],"replies":[{"embeddable":true,"href":"https:\/\/emisora.univalle.edu.co\/index.php\/wp-json\/wp\/v2\/comments?post=19941"}],"version-history":[{"count":1,"href":"https:\/\/emisora.univalle.edu.co\/index.php\/wp-json\/wp\/v2\/posts\/19941\/revisions"}],"predecessor-version":[{"id":19943,"href":"https:\/\/emisora.univalle.edu.co\/index.php\/wp-json\/wp\/v2\/posts\/19941\/revisions\/19943"}],"wp:featuredmedia":[{"embeddable":true,"href":"https:\/\/emisora.univalle.edu.co\/index.php\/wp-json\/wp\/v2\/media\/19942"}],"wp:attachment":[{"href":"https:\/\/emisora.univalle.edu.co\/index.php\/wp-json\/wp\/v2\/media?parent=19941"}],"wp:term":[{"taxonomy":"category","embeddable":true,"href":"https:\/\/emisora.univalle.edu.co\/index.php\/wp-json\/wp\/v2\/categories?post=19941"},{"taxonomy":"post_tag","embeddable":true,"href":"https:\/\/emisora.univalle.edu.co\/index.php\/wp-json\/wp\/v2\/tags?post=19941"}],"curies":[{"name":"wp","href":"https:\/\/api.w.org\/{rel}","templated":true}]}}