{"id":19947,"date":"2018-03-16T16:25:27","date_gmt":"2018-03-16T21:25:27","guid":{"rendered":"https:\/\/emisora.univalle.edu.co\/?p=19947"},"modified":"2018-03-16T16:25:27","modified_gmt":"2018-03-16T21:25:27","slug":"el-estado-empresarial-es-necesario-rector-edgar-varela","status":"publish","type":"post","link":"https:\/\/emisora.univalle.edu.co\/index.php\/el-estado-empresarial-es-necesario-rector-edgar-varela\/","title":{"rendered":"El Estado empresarial es necesario: rector Edgar Varela"},"content":{"rendered":"<p>Ayer jueves 15 de marzo inici\u00f3 el Seminario taller internacional de empresas p\u00fablicas multiservicios promovido por el sindicato Sintraemcali, evento que tiene lugar en el hotel Spiwak hasta ma\u00f1ana 16 de marzo. La Universidad del Valle participa en el evento pues contin\u00faa la asesor\u00eda al Plan Estrat\u00e9gico 2018-2023 de Emcali, a trav\u00e9s del Instituto de Prospectiva, y que comprende la interacci\u00f3n con los distintos actores del entorno de la empresa y que lideran el alcalde de Cali Maurice Armitage y el gerente Gustavo Jaramillo.<\/p>\n<p>Durante la instalaci\u00f3n del seminario el rector de Univalle, Edgar Varela Barrios, se\u00f1al\u00f3 que Los Estados pueden y deben mantener una funci\u00f3n empresarial. \u201cLa primera raz\u00f3n de esto es por asuntos estrat\u00e9gicos de inter\u00e9s nacional. Muchos pa\u00edses a lo largo y ancho del planeta conservan prerrogativas, monopolios o favorecimientos para que el Estado cumpla funciones tales como las de emisi\u00f3n de moneda a trav\u00e9s de los bancos centrales\u201d.<\/p>\n<p>En segundo lugar, continu\u00f3 el rector, en la mayor parte de los pa\u00edses los organismos regulatorios como las superintendencias o entidades acreditadoras de calidad de servicios, son p\u00fablicos. En tercer lugar, aquellos asuntos que tienen que ver con negocios estrat\u00e9gicos y el papel fiscal del Estado en sectores que generan grandes utilidades, tales como el petr\u00f3leo, que en el caso de Ecopetrol representa los principales ingresos fiscales del Estado Colombiano.<\/p>\n<p>Por \u00faltimo, hay actividades que no son rentables para el sector privado y funcionan con el principio de subsidiariedad como sucede con la energ\u00eda y acueductos rurales \u2013 en especial en las zonas donde ha habido conflicto, en el caso de Colombia- y en parte, con los servicios de salud y de educaci\u00f3n superior.<\/p>\n<p>El rector Varela record\u00f3 que las Empresas P\u00fablicas de Medell\u00edn, la similar de Emcali, recaud\u00f3 en 2017 aproximadamente $12.5 billones, unas cinco veces lo generado por Emcali en ventas. La empresa de Medell\u00edn le transfiri\u00f3 el a\u00f1o pasado $1.2 billones en utilidades a la municipalidad y le pago al Estado $650 mil millones en impuestos.<\/p>\n<p>Concluy\u00f3 el profesor Varela que en Colombia hay razones de muy diverso orden para que empresas p\u00fablicas como Emcali se mantengan en manos del Estado o se exploren modelos mixtos que repartan utilidades entre lo p\u00fablico y lo privado. \u201cLa clave para defender lo p\u00fablico es que sea eficiente. Que las empresas estatales est\u00e9n blindadas de la captura por parte de las clases pol\u00edticas y lo intereses particulares.<\/p>\n<p>En Colombia tenemos ejemplos de empresas p\u00fablicas que se desempe\u00f1an adecuadamente: Ecopetrol, ISA, la DIAN y EPM. Ahora tenemos la posibilidad con Emcali de que, con la voluntad pol\u00edtica del alcalde, del gerente y de los sindicatos, con el acompa\u00f1amiento de la academia a trav\u00e9s de Univalle, se pueda lograr una muy buena gobernanza en una alianza virtuosa.\u201d<\/p>\n<p>Por su parte el alcalde Maurice Armitage hizo un llamado a los empleados para que aporten desde sus sitios de labor al fortalecimiento de la empresa, con sentido \u00e9tico y de pertenencia con la principal compa\u00f1\u00eda p\u00fablica regional.<\/p>\n<p>En el evento participan expertos nacionales e internacionales y representantes de empresas latinoamericanas de servicios p\u00fablicos, directivos, profesores e investigadores de la Universidad del Valle, empleados y sindicalistas de Emcali.<\/p>\n","protected":false},"excerpt":{"rendered":"<p>Ayer jueves 15 de marzo inici\u00f3 el Seminario taller internacional de empresas p\u00fablicas multiservicios promovido por el sindicato Sintraemcali, evento que tiene lugar en el hotel Spiwak hasta ma\u00f1ana 16 de marzo. La Universidad del Valle participa en el evento pues contin\u00faa la asesor\u00eda al Plan Estrat\u00e9gico 2018-2023 de Emcali,[&#8230;]<\/p>\n","protected":false},"author":1,"featured_media":19948,"comment_status":"open","ping_status":"open","sticky":false,"template":"","format":"standard","meta":{"footnotes":""},"categories":[4],"tags":[],"_links":{"self":[{"href":"https:\/\/emisora.univalle.edu.co\/index.php\/wp-json\/wp\/v2\/posts\/19947"}],"collection":[{"href":"https:\/\/emisora.univalle.edu.co\/index.php\/wp-json\/wp\/v2\/posts"}],"about":[{"href":"https:\/\/emisora.univalle.edu.co\/index.php\/wp-json\/wp\/v2\/types\/post"}],"author":[{"embeddable":true,"href":"https:\/\/emisora.univalle.edu.co\/index.php\/wp-json\/wp\/v2\/users\/1"}],"replies":[{"embeddable":true,"href":"https:\/\/emisora.univalle.edu.co\/index.php\/wp-json\/wp\/v2\/comments?post=19947"}],"version-history":[{"count":1,"href":"https:\/\/emisora.univalle.edu.co\/index.php\/wp-json\/wp\/v2\/posts\/19947\/revisions"}],"predecessor-version":[{"id":19949,"href":"https:\/\/emisora.univalle.edu.co\/index.php\/wp-json\/wp\/v2\/posts\/19947\/revisions\/19949"}],"wp:featuredmedia":[{"embeddable":true,"href":"https:\/\/emisora.univalle.edu.co\/index.php\/wp-json\/wp\/v2\/media\/19948"}],"wp:attachment":[{"href":"https:\/\/emisora.univalle.edu.co\/index.php\/wp-json\/wp\/v2\/media?parent=19947"}],"wp:term":[{"taxonomy":"category","embeddable":true,"href":"https:\/\/emisora.univalle.edu.co\/index.php\/wp-json\/wp\/v2\/categories?post=19947"},{"taxonomy":"post_tag","embeddable":true,"href":"https:\/\/emisora.univalle.edu.co\/index.php\/wp-json\/wp\/v2\/tags?post=19947"}],"curies":[{"name":"wp","href":"https:\/\/api.w.org\/{rel}","templated":true}]}}