{"id":19950,"date":"2018-03-16T16:26:34","date_gmt":"2018-03-16T21:26:34","guid":{"rendered":"https:\/\/emisora.univalle.edu.co\/?p=19950"},"modified":"2018-03-16T16:26:34","modified_gmt":"2018-03-16T21:26:34","slug":"francia-se-toma-univalle","status":"publish","type":"post","link":"https:\/\/emisora.univalle.edu.co\/index.php\/francia-se-toma-univalle\/","title":{"rendered":"Francia se toma Univalle"},"content":{"rendered":"<p>ara promover el intercambio cultural, entre el 20 y el 24 de marzo se realizar\u00e1 la Semana Cultural Colombo Francesa \u201cFrancia se toma Univalle\u201d.<\/p>\n<p>La semana binacional de la cultura con Francia ser\u00e1 un espacio de intercambio y aprendizaje, a trav\u00e9s de actividades acad\u00e9micas, art\u00edsticas, culturales y sociales que permita dar a conocer la historia, lengua, tradiciones y patrimonio cultural de este pa\u00eds.<\/p>\n<p>Esta actividad se realiza como parte del programa Fomento a las culturas del mundo del \u00c1rea Cultural de la Divisi\u00f3n de Bibliotecas, con el apoyo del Centro de Lenguas y Culturas (CLC) de la Escuela de Ciencias del Lenguaje de la Universidad del Valle y la Alianza Francesa de Cali.<\/p>\n<p>El programa Fomento a las Culturas del mundo tiene como objetivo la divulgaci\u00f3n, promoci\u00f3n y conocimiento de las distintas culturas que habitan el mundo. En ese marco las Semanas Culturales binacionales promover\u00e1n actividades como conferencias, talleres, exposiciones, concursos, y actividades l\u00fadicas y sociales.<\/p>\n<p>Como parte de la programaci\u00f3n se encuentra la exposici\u00f3n \u201cPl\u00e1tanos de platino\u201d de la artista francesa Elsa Leyder; el ciclo de cine franc\u00e9s \u201cHistoria y pol\u00edtica de Francia\u201d, un ciclo de conferencias, entre ellas la conferencia \u201cCampus France\u201d a cargo de la se\u00f1ora Sonia P\u00e9rez, encargada de realizar la charla sobre becas y posibilidades de estudiar en Francia y otras a cargo de profesores de la Escuela de Ciencias del Lenguaje y del Departamento de Filosof\u00eda de la Universidad. Adem\u00e1s habr\u00e1 una actividad l\u00fadico creativa que incluye gastronom\u00eda ambientada con una audici\u00f3n de m\u00fasica francesa, en el Estadero Profesoral de la Universidad del Valle.<\/p>\n<p>La Semana Cultural Colombo Francesa se realiza gracias al apoyo de la Alianza Francesa de Cali, la Alianza Francesa de Bogot\u00e1 y la Terraza Gourmet, estadero profesoral.<\/p>\n<p><a href=\"https:\/\/drive.google.com\/open?id=0B7dKVO0ahyE3a1BTMXdqWGE0V19DUDlmaEs1MzBmNmFyRzQ4\" target=\"_blank\" rel=\"noopener\"><strong>Ver programaci\u00f3n<\/strong><\/a><\/p>\n","protected":false},"excerpt":{"rendered":"<p>ara promover el intercambio cultural, entre el 20 y el 24 de marzo se realizar\u00e1 la Semana Cultural Colombo Francesa \u201cFrancia se toma Univalle\u201d. La semana binacional de la cultura con Francia ser\u00e1 un espacio de intercambio y aprendizaje, a trav\u00e9s de actividades acad\u00e9micas, art\u00edsticas, culturales y sociales que permita[&#8230;]<\/p>\n","protected":false},"author":1,"featured_media":19951,"comment_status":"open","ping_status":"open","sticky":false,"template":"","format":"standard","meta":{"footnotes":""},"categories":[4],"tags":[],"_links":{"self":[{"href":"https:\/\/emisora.univalle.edu.co\/index.php\/wp-json\/wp\/v2\/posts\/19950"}],"collection":[{"href":"https:\/\/emisora.univalle.edu.co\/index.php\/wp-json\/wp\/v2\/posts"}],"about":[{"href":"https:\/\/emisora.univalle.edu.co\/index.php\/wp-json\/wp\/v2\/types\/post"}],"author":[{"embeddable":true,"href":"https:\/\/emisora.univalle.edu.co\/index.php\/wp-json\/wp\/v2\/users\/1"}],"replies":[{"embeddable":true,"href":"https:\/\/emisora.univalle.edu.co\/index.php\/wp-json\/wp\/v2\/comments?post=19950"}],"version-history":[{"count":1,"href":"https:\/\/emisora.univalle.edu.co\/index.php\/wp-json\/wp\/v2\/posts\/19950\/revisions"}],"predecessor-version":[{"id":19952,"href":"https:\/\/emisora.univalle.edu.co\/index.php\/wp-json\/wp\/v2\/posts\/19950\/revisions\/19952"}],"wp:featuredmedia":[{"embeddable":true,"href":"https:\/\/emisora.univalle.edu.co\/index.php\/wp-json\/wp\/v2\/media\/19951"}],"wp:attachment":[{"href":"https:\/\/emisora.univalle.edu.co\/index.php\/wp-json\/wp\/v2\/media?parent=19950"}],"wp:term":[{"taxonomy":"category","embeddable":true,"href":"https:\/\/emisora.univalle.edu.co\/index.php\/wp-json\/wp\/v2\/categories?post=19950"},{"taxonomy":"post_tag","embeddable":true,"href":"https:\/\/emisora.univalle.edu.co\/index.php\/wp-json\/wp\/v2\/tags?post=19950"}],"curies":[{"name":"wp","href":"https:\/\/api.w.org\/{rel}","templated":true}]}}