{"id":19984,"date":"2018-04-03T15:46:39","date_gmt":"2018-04-03T20:46:39","guid":{"rendered":"https:\/\/emisora.univalle.edu.co\/?p=19984"},"modified":"2018-04-03T15:46:39","modified_gmt":"2018-04-03T20:46:39","slug":"trashumancia-y-ganaderia-menor-en-la-mixteca-colonial","status":"publish","type":"post","link":"https:\/\/emisora.univalle.edu.co\/index.php\/trashumancia-y-ganaderia-menor-en-la-mixteca-colonial\/","title":{"rendered":"Trashumancia y ganader\u00eda menor en la Mixteca colonial"},"content":{"rendered":"<p>Trashumancia y Ganader\u00eda menor en la Mixteca colonial es el nombre de la conferencia que dictar\u00e1 el catedr\u00e1tico Jes\u00fas Edgar Mendoza Garc\u00eda, del Centro de Investigaciones y Estudios Superiores en Antropolog\u00eda Social-CIESAS (M\u00e9xico), este jueves 5 de abril, a las 5:00 p.m., en el Auditorio Germ\u00e1n Colmenares, Edificio 386 (D10), de la Facultad de Humanidades de la Universidad del Valle.<\/p>\n<p>La conferencia hace parte de las actividades que desarrolla el Departamento de Historia y la C\u00e1tedra Germ\u00e1n Colmenares.<\/p>\n<p>La trashumancia de ganado menor en la regi\u00f3n de la Mixteca fue una actividad econ\u00f3mica de suma importancia no solo para los espa\u00f1oles sino tambi\u00e9n para los pueblos de indios desde el periodo colonial hasta mediados del siglo XX. Los comerciantes y ganaderos espa\u00f1oles rentaban la tierra a los pueblos y entre los meses de octubre y noviembre efectuaban la matanza de miles de cabezas, lo que generaba una derrama econ\u00f3mica para varios sectores sociales. La conferencia muestra la adaptaci\u00f3n cultural y econ\u00f3mica de los pueblos mixtecos ante la introducci\u00f3n del ganado europeo, su desarrollo y decadencia.<\/p>\n","protected":false},"excerpt":{"rendered":"<p>Trashumancia y Ganader\u00eda menor en la Mixteca colonial es el nombre de la conferencia que dictar\u00e1 el catedr\u00e1tico Jes\u00fas Edgar Mendoza Garc\u00eda, del Centro de Investigaciones y Estudios Superiores en Antropolog\u00eda Social-CIESAS (M\u00e9xico), este jueves 5 de abril, a las 5:00 p.m., en el Auditorio Germ\u00e1n Colmenares, Edificio 386 (D10),[&#8230;]<\/p>\n","protected":false},"author":1,"featured_media":19985,"comment_status":"open","ping_status":"open","sticky":false,"template":"","format":"standard","meta":{"footnotes":""},"categories":[4],"tags":[],"_links":{"self":[{"href":"https:\/\/emisora.univalle.edu.co\/index.php\/wp-json\/wp\/v2\/posts\/19984"}],"collection":[{"href":"https:\/\/emisora.univalle.edu.co\/index.php\/wp-json\/wp\/v2\/posts"}],"about":[{"href":"https:\/\/emisora.univalle.edu.co\/index.php\/wp-json\/wp\/v2\/types\/post"}],"author":[{"embeddable":true,"href":"https:\/\/emisora.univalle.edu.co\/index.php\/wp-json\/wp\/v2\/users\/1"}],"replies":[{"embeddable":true,"href":"https:\/\/emisora.univalle.edu.co\/index.php\/wp-json\/wp\/v2\/comments?post=19984"}],"version-history":[{"count":1,"href":"https:\/\/emisora.univalle.edu.co\/index.php\/wp-json\/wp\/v2\/posts\/19984\/revisions"}],"predecessor-version":[{"id":19986,"href":"https:\/\/emisora.univalle.edu.co\/index.php\/wp-json\/wp\/v2\/posts\/19984\/revisions\/19986"}],"wp:featuredmedia":[{"embeddable":true,"href":"https:\/\/emisora.univalle.edu.co\/index.php\/wp-json\/wp\/v2\/media\/19985"}],"wp:attachment":[{"href":"https:\/\/emisora.univalle.edu.co\/index.php\/wp-json\/wp\/v2\/media?parent=19984"}],"wp:term":[{"taxonomy":"category","embeddable":true,"href":"https:\/\/emisora.univalle.edu.co\/index.php\/wp-json\/wp\/v2\/categories?post=19984"},{"taxonomy":"post_tag","embeddable":true,"href":"https:\/\/emisora.univalle.edu.co\/index.php\/wp-json\/wp\/v2\/tags?post=19984"}],"curies":[{"name":"wp","href":"https:\/\/api.w.org\/{rel}","templated":true}]}}