{"id":19993,"date":"2018-04-05T10:31:45","date_gmt":"2018-04-05T15:31:45","guid":{"rendered":"https:\/\/emisora.univalle.edu.co\/?p=19993"},"modified":"2018-04-05T10:31:45","modified_gmt":"2018-04-05T15:31:45","slug":"inician-los-mercados-por-la-paz-en-el-campus-de-melendez","status":"publish","type":"post","link":"https:\/\/emisora.univalle.edu.co\/index.php\/inician-los-mercados-por-la-paz-en-el-campus-de-melendez\/","title":{"rendered":"Inician los Mercados por la Paz en el campus de Mel\u00e9ndez"},"content":{"rendered":"<p>El Programa Institucional de Paz, la Direcci\u00f3n de Extensi\u00f3n y el Cabildo Ind\u00edgena de la Universidad del Valle convocan a la comunidad universitaria a participar este 6 de abril en la primera jornada de Mercados para la paz: Alimentos de Vida. La iniciativa se llevar\u00e1 cabo desde las 9: 00 a.m. en el espacio contiguo al Instituto de Educaci\u00f3n y Pedagog\u00eda y contar\u00e1 con la participaci\u00f3n de comunidades campesinas y \u00e9tnicas del departamento del Cauca que han sido afectadas por el conflicto armado.<\/p>\n<p>Los Mercados para la Paz hacen parte de las \u201cAcciones Solidarias para la Paz\u201d, impulsados por la Universidad del Valle para fortalecer la construcci\u00f3n de paz territorial y contribuir a los procesos de justicia, equidad, oportunidades econ\u00f3micas, bienestar y vida dignos. A trav\u00e9s del desarrollo de esta iniciativa, el Programa Institucional de Paz, el Cabildo de la Universidad y la Direcci\u00f3n de Extensi\u00f3n generan espacios que aportan a la reconciliaci\u00f3n y la integraci\u00f3n de excombatientes y sus familias a la vida civil.<\/p>\n<p>La jornada tendr\u00e1 una oferta de br\u00f3coli, tomillo or\u00e9gano, cebolla larga, huevos, caf\u00e9 yogurt, panela, entre otras hortalizas y vegetales. Adem\u00e1s, las mujeres afrocolombianas, ind\u00edgenas y excombatientes invitadas ofrecer\u00e1n artesan\u00edas (bolsos, zapatos, mu\u00f1ecas de trapo) que han elaborado para este evento. En conjunto, las comunidades provienen de los actuales Espacios Territoriales de Capacitaci\u00f3n y Reincorporaci\u00f3n -antiguas Zonas Veredales Transitorias-, ubicados en los municipios y territorios de Pueblo Nuevo, Caldono, Monterredondo, Miranda, La Elvira y Buenos Aires.<\/p>\n<p>El objetivo principal de esta iniciativa es institucionalizar espacios agroecol\u00f3gicos que favorezcan la viabilidad y afianzamiento de las opciones productivas de las comunidades ubicadas en los Espacios Territoriales de Capacitaci\u00f3n y Reincorporaci\u00f3n. As\u00ed mismo, los Mercados para la Paz buscan posibilitar el arraigo y la reinserci\u00f3n socioecon\u00f3mica de las comunidades participantes y la consolidaci\u00f3n de la soberan\u00eda alimentaria.<\/p>\n<p>Mercados para la Paz nace como un espacio de encuentro solidario entre productores y consumidores, aportando al fortalecimiento de la relaci\u00f3n campo\/ciudad y la construcci\u00f3n de tejido social. Se trata de un proyecto que llega para establecerse en la Universidad del Valle y abastecer desde el campo con producci\u00f3n agroecol\u00f3gica a la comunidad universitaria.<\/p>\n<p><strong>Informes:<\/strong>\u00a0Oficina de Proyectos-DEEC<br \/>\nTel\u00e9fonos: 3212874 \u2013 3213144<br \/>\n<a href=\"mailto:logisticaproyectos.deec@correounivalle.edu.co\">logisticaproyectos.deec@correounivalle.edu.co<\/a><\/p>\n<p><a href=\"mailto:programa.paz@correounivalle.edu.co\">programa.paz@correounivalle.edu.co<\/a><\/p>\n","protected":false},"excerpt":{"rendered":"<p>El Programa Institucional de Paz, la Direcci\u00f3n de Extensi\u00f3n y el Cabildo Ind\u00edgena de la Universidad del Valle convocan a la comunidad universitaria a participar este 6 de abril en la primera jornada de Mercados para la paz: Alimentos de Vida. La iniciativa se llevar\u00e1 cabo desde las 9: 00[&#8230;]<\/p>\n","protected":false},"author":1,"featured_media":19994,"comment_status":"open","ping_status":"open","sticky":false,"template":"","format":"standard","meta":{"footnotes":""},"categories":[4],"tags":[],"_links":{"self":[{"href":"https:\/\/emisora.univalle.edu.co\/index.php\/wp-json\/wp\/v2\/posts\/19993"}],"collection":[{"href":"https:\/\/emisora.univalle.edu.co\/index.php\/wp-json\/wp\/v2\/posts"}],"about":[{"href":"https:\/\/emisora.univalle.edu.co\/index.php\/wp-json\/wp\/v2\/types\/post"}],"author":[{"embeddable":true,"href":"https:\/\/emisora.univalle.edu.co\/index.php\/wp-json\/wp\/v2\/users\/1"}],"replies":[{"embeddable":true,"href":"https:\/\/emisora.univalle.edu.co\/index.php\/wp-json\/wp\/v2\/comments?post=19993"}],"version-history":[{"count":1,"href":"https:\/\/emisora.univalle.edu.co\/index.php\/wp-json\/wp\/v2\/posts\/19993\/revisions"}],"predecessor-version":[{"id":19995,"href":"https:\/\/emisora.univalle.edu.co\/index.php\/wp-json\/wp\/v2\/posts\/19993\/revisions\/19995"}],"wp:featuredmedia":[{"embeddable":true,"href":"https:\/\/emisora.univalle.edu.co\/index.php\/wp-json\/wp\/v2\/media\/19994"}],"wp:attachment":[{"href":"https:\/\/emisora.univalle.edu.co\/index.php\/wp-json\/wp\/v2\/media?parent=19993"}],"wp:term":[{"taxonomy":"category","embeddable":true,"href":"https:\/\/emisora.univalle.edu.co\/index.php\/wp-json\/wp\/v2\/categories?post=19993"},{"taxonomy":"post_tag","embeddable":true,"href":"https:\/\/emisora.univalle.edu.co\/index.php\/wp-json\/wp\/v2\/tags?post=19993"}],"curies":[{"name":"wp","href":"https:\/\/api.w.org\/{rel}","templated":true}]}}