{"id":19996,"date":"2018-04-05T10:33:35","date_gmt":"2018-04-05T15:33:35","guid":{"rendered":"https:\/\/emisora.univalle.edu.co\/?p=19996"},"modified":"2018-04-05T10:33:35","modified_gmt":"2018-04-05T15:33:35","slug":"contaduria-y-comunicacion-social-reciben-pares-academicos","status":"publish","type":"post","link":"https:\/\/emisora.univalle.edu.co\/index.php\/contaduria-y-comunicacion-social-reciben-pares-academicos\/","title":{"rendered":"Contadur\u00eda y Comunicaci\u00f3n Social reciben pares acad\u00e9micos"},"content":{"rendered":"<p>Este mi\u00e9rcoles 4 de abril inici\u00f3 la visita de pares acad\u00e9micos para la renovaci\u00f3n de la acreditaci\u00f3n de alta calidad de los programas de Contadur\u00eda P\u00fablica y de Comunicaci\u00f3n Social de la Universidad del Valle.<\/p>\n<p>Los pares acad\u00e9micos fueron atendidos por las directivas universitarias en cabeza del rector Edgar Varela Barrios, la vicerrectora acad\u00e9mica Liliana Arias Castillo, el vicerrector de investigaciones Jaime Cantera Kintz y el vicerrector de bienestar universitario Edgar Quiroga Rubiano.<\/p>\n<p>El grupo de pares evaluadores del programa de Contadur\u00eda P\u00fablica lo componen Carlos Alberto Guti\u00e9rrez Cort\u00e9s y Milena Isabel Zabaleta de Armas. As\u00ed mismo, los pares evaluadores de Comunicaci\u00f3n Social son Luis Ignacio Sierra Guti\u00e9rrez y Ra\u00fal Alberto Acosta Pe\u00f1a.<\/p>\n<p>En su presentaci\u00f3n el rector Varela Barrios le explic\u00f3 a los pares acad\u00e9micos la historia de la instituci\u00f3n, los aspectos misionales, la forma en que se articula la universidad en la regi\u00f3n, entre otros detalles.<\/p>\n<p>\u201cLos programas acad\u00e9micos que reciben la visita de pares el d\u00eda de hoy son de gran tradici\u00f3n y alt\u00edsimo reconocimiento. Este proceso de autoevaluaci\u00f3n y de evaluaci\u00f3n de pares externos nos parece importante porque nos permite identificar falencia y as\u00ed trabajar en el mejoramiento continuo, que es una regla que la universidad ha construido\u201d, se\u00f1al\u00f3 el rector Edgar Varela.<\/p>\n<p>\u201cDurante los \u00faltimos veinte a\u00f1os, la Universidad del Valle se ha guiado por la acreditaci\u00f3n de alta calidad como un mecanismo que nos permite compararnos con nosotros mismos en el pasado para mejorar, as\u00ed como con otras instituciones no solo a nivel colombiano. En este sentido, participamos de manera activa de estos procesos de acreditaci\u00f3n porque sabemos que son oportunidades para aprender y mejorar\u201d, agreg\u00f3 el rector Varela.<\/p>\n<p>Durante los tres d\u00edas de su visita, los pares evaluadores de cada programa acad\u00e9mico conocer\u00e1n de cerca los procesos acad\u00e9micos, investigativos y de proyecci\u00f3n social que se adelantan en la instituci\u00f3n, as\u00ed mismo dialogar\u00e1n con docentes, estudiantes, funcionarios y egresados. Con todas las evidencias que recojan emitir\u00e1n un concepto ante el Consejo Nacional de Acreditaci\u00f3n, ente que recomendar\u00e1 al Ministerio de Educaci\u00f3n Nacional la renovaci\u00f3n de la acreditaci\u00f3n de alta calidad por un periodo determinado de a\u00f1os.<\/p>\n<p>La Acreditaci\u00f3n de Alta Calidad es el acto por medio del cual el Estado adopta y hace p\u00fablico el reconocimiento que los pares acad\u00e9micos hacen de la comprobaci\u00f3n que efect\u00faa una instituci\u00f3n sobre la calidad de sus programas acad\u00e9micos, su organizaci\u00f3n, funcionamiento y el cumplimiento de su funci\u00f3n social, constituy\u00e9ndose en instrumento para el mejoramiento de la calidad de la educaci\u00f3n superior.<\/p>\n","protected":false},"excerpt":{"rendered":"<p>Este mi\u00e9rcoles 4 de abril inici\u00f3 la visita de pares acad\u00e9micos para la renovaci\u00f3n de la acreditaci\u00f3n de alta calidad de los programas de Contadur\u00eda P\u00fablica y de Comunicaci\u00f3n Social de la Universidad del Valle. Los pares acad\u00e9micos fueron atendidos por las directivas universitarias en cabeza del rector Edgar Varela[&#8230;]<\/p>\n","protected":false},"author":1,"featured_media":19997,"comment_status":"open","ping_status":"open","sticky":false,"template":"","format":"standard","meta":{"footnotes":""},"categories":[4],"tags":[],"_links":{"self":[{"href":"https:\/\/emisora.univalle.edu.co\/index.php\/wp-json\/wp\/v2\/posts\/19996"}],"collection":[{"href":"https:\/\/emisora.univalle.edu.co\/index.php\/wp-json\/wp\/v2\/posts"}],"about":[{"href":"https:\/\/emisora.univalle.edu.co\/index.php\/wp-json\/wp\/v2\/types\/post"}],"author":[{"embeddable":true,"href":"https:\/\/emisora.univalle.edu.co\/index.php\/wp-json\/wp\/v2\/users\/1"}],"replies":[{"embeddable":true,"href":"https:\/\/emisora.univalle.edu.co\/index.php\/wp-json\/wp\/v2\/comments?post=19996"}],"version-history":[{"count":1,"href":"https:\/\/emisora.univalle.edu.co\/index.php\/wp-json\/wp\/v2\/posts\/19996\/revisions"}],"predecessor-version":[{"id":19998,"href":"https:\/\/emisora.univalle.edu.co\/index.php\/wp-json\/wp\/v2\/posts\/19996\/revisions\/19998"}],"wp:featuredmedia":[{"embeddable":true,"href":"https:\/\/emisora.univalle.edu.co\/index.php\/wp-json\/wp\/v2\/media\/19997"}],"wp:attachment":[{"href":"https:\/\/emisora.univalle.edu.co\/index.php\/wp-json\/wp\/v2\/media?parent=19996"}],"wp:term":[{"taxonomy":"category","embeddable":true,"href":"https:\/\/emisora.univalle.edu.co\/index.php\/wp-json\/wp\/v2\/categories?post=19996"},{"taxonomy":"post_tag","embeddable":true,"href":"https:\/\/emisora.univalle.edu.co\/index.php\/wp-json\/wp\/v2\/tags?post=19996"}],"curies":[{"name":"wp","href":"https:\/\/api.w.org\/{rel}","templated":true}]}}