{"id":20013,"date":"2018-04-10T15:59:17","date_gmt":"2018-04-10T20:59:17","guid":{"rendered":"https:\/\/emisora.univalle.edu.co\/?p=20013"},"modified":"2018-04-10T15:59:17","modified_gmt":"2018-04-10T20:59:17","slug":"angelica-hoyos-guzman-en-viernes-de-letras","status":"publish","type":"post","link":"https:\/\/emisora.univalle.edu.co\/index.php\/angelica-hoyos-guzman-en-viernes-de-letras\/","title":{"rendered":"Ang\u00e9lica Hoyos Guzm\u00e1n en Viernes de Letras"},"content":{"rendered":"<p>La poeta Ang\u00e9lica Hoyos Guzm\u00e1n es la invitada a la siguiente sesi\u00f3n de Viernes de Letras, programa permanente de la Escuela de Estudios Literarios de la Universidad del Valle.<\/p>\n<p>El conversatorio se realizar\u00e1 este viernes 13 de Abril de 2018, a las 6:00 p.m., en el Auditorio \u00c1ngel Zapata, Biblioteca Mario Carvajal, Mel\u00e9ndez.<\/p>\n<p>Esta autora estar\u00e1 conversando con la egresada Ver\u00f3nica Pe\u00f1aranda y el profesor \u00c1lvaro Bautista. En esta ocasi\u00f3n, la invitada ser\u00e1 presentada por la estudiante de Licenciatura en Literatura Yuliana Lores.<\/p>\n<p><strong>Sobre la autora<\/strong><\/p>\n<p>Ang\u00e9lica Hoyos Guzm\u00e1n es poeta y profesora nacida en Barranquilla, en 1982. Mag\u00edster en Ling\u00fc\u00edstica por el Instituto Caro y Cuervo; tambi\u00e9n curs\u00f3 estudios de Maestr\u00eda en Literatura Colombiana y Latinoamericana en la Universidad del Valle.<\/p>\n<p>Ha publicado el libro de poemas \u00abHilos sueltos\u00bb (2014) y el ensayo \u00abEl bramido del monstruo: cuerpos extra\u00f1os de la memoria en la poes\u00eda contempor\u00e1nea colombiana\u00bb (2016). Su trabajo po\u00e9tico ha sido divulgado en diferentes revistas internacionales.<\/p>\n<p>Actualmente dirige el Departamento de Estudios Generales e Idiomas de la Universidad del Magdalena y cursa estudios de Doctorado en Literatura Latinoamericana, en la Universidad Andina Sim\u00f3n Bol\u00edvar de Quito.<\/p>\n","protected":false},"excerpt":{"rendered":"<p>La poeta Ang\u00e9lica Hoyos Guzm\u00e1n es la invitada a la siguiente sesi\u00f3n de Viernes de Letras, programa permanente de la Escuela de Estudios Literarios de la Universidad del Valle. El conversatorio se realizar\u00e1 este viernes 13 de Abril de 2018, a las 6:00 p.m., en el Auditorio \u00c1ngel Zapata, Biblioteca[&#8230;]<\/p>\n","protected":false},"author":1,"featured_media":20014,"comment_status":"open","ping_status":"open","sticky":false,"template":"","format":"standard","meta":{"footnotes":""},"categories":[4],"tags":[],"_links":{"self":[{"href":"https:\/\/emisora.univalle.edu.co\/index.php\/wp-json\/wp\/v2\/posts\/20013"}],"collection":[{"href":"https:\/\/emisora.univalle.edu.co\/index.php\/wp-json\/wp\/v2\/posts"}],"about":[{"href":"https:\/\/emisora.univalle.edu.co\/index.php\/wp-json\/wp\/v2\/types\/post"}],"author":[{"embeddable":true,"href":"https:\/\/emisora.univalle.edu.co\/index.php\/wp-json\/wp\/v2\/users\/1"}],"replies":[{"embeddable":true,"href":"https:\/\/emisora.univalle.edu.co\/index.php\/wp-json\/wp\/v2\/comments?post=20013"}],"version-history":[{"count":1,"href":"https:\/\/emisora.univalle.edu.co\/index.php\/wp-json\/wp\/v2\/posts\/20013\/revisions"}],"predecessor-version":[{"id":20015,"href":"https:\/\/emisora.univalle.edu.co\/index.php\/wp-json\/wp\/v2\/posts\/20013\/revisions\/20015"}],"wp:featuredmedia":[{"embeddable":true,"href":"https:\/\/emisora.univalle.edu.co\/index.php\/wp-json\/wp\/v2\/media\/20014"}],"wp:attachment":[{"href":"https:\/\/emisora.univalle.edu.co\/index.php\/wp-json\/wp\/v2\/media?parent=20013"}],"wp:term":[{"taxonomy":"category","embeddable":true,"href":"https:\/\/emisora.univalle.edu.co\/index.php\/wp-json\/wp\/v2\/categories?post=20013"},{"taxonomy":"post_tag","embeddable":true,"href":"https:\/\/emisora.univalle.edu.co\/index.php\/wp-json\/wp\/v2\/tags?post=20013"}],"curies":[{"name":"wp","href":"https:\/\/api.w.org\/{rel}","templated":true}]}}