{"id":20019,"date":"2018-04-10T16:03:08","date_gmt":"2018-04-10T21:03:08","guid":{"rendered":"https:\/\/emisora.univalle.edu.co\/?p=20019"},"modified":"2018-04-10T16:03:08","modified_gmt":"2018-04-10T21:03:08","slug":"emprende-mujer","status":"publish","type":"post","link":"https:\/\/emisora.univalle.edu.co\/index.php\/emprende-mujer\/","title":{"rendered":"Emprende Mujer"},"content":{"rendered":"<p dir=\"ltr\">La Universidad del Valle, que mediante el Programa Institucional \u2018Emprendedores\u2019 busca fortalecer la cultura del emprendimiento en nuestra ciudad, invita a\u00a0<span id=\"m_-4461760732596076347m_5017116988259259585gmail-docs-internal-guid-22dcb2b6-ab47-2901-4696-5593f2964ad3\">la feria empresarial \u201cEmprende Mujer\u201d que se realizar\u00e1 el<\/span><span id=\"m_-4461760732596076347m_5017116988259259585gmail-docs-internal-guid-22dcb2b6-ab47-2901-4696-5593f2964ad3\">\u00a019, 20 y 21 de abril, en el Centro Comercial La Estaci\u00f3n<\/span><span id=\"m_-4461760732596076347m_5017116988259259585gmail-docs-internal-guid-22dcb2b6-ab47-2901-4696-5593f2964ad3\">\u00a0-carrera 1ra entre calles 36 y 38<\/span><span id=\"m_-4461760732596076347m_5017116988259259585gmail-docs-internal-guid-22dcb2b6-ab47-2901-4696-5593f2964ad3\">.<\/span><\/p>\n<p dir=\"ltr\"><span id=\"m_-4461760732596076347m_5017116988259259585gmail-docs-internal-guid-22dcb2b6-ab47-2901-4696-5593f2964ad3\"><\/span>El objetivo de la Feria Empresarial, que llega a Cali, es el de visibilizar y apoyar los emprendimientos de las mujeres<span id=\"m_-4461760732596076347m_5017116988259259585gmail-docs-internal-guid-22dcb2b6-ab47-2901-4696-5593f2964ad3\">, mostrando\u00a0<\/span><span id=\"m_-4461760732596076347m_5017116988259259585gmail-docs-internal-guid-22dcb2b6-ab47-2901-4696-5593f2964ad3\">a la ciudad sus productos y sus servicios innovadores, a<\/span><span id=\"m_-4461760732596076347m_5017116988259259585gmail-docs-internal-guid-22dcb2b6-ab47-2901-4696-5593f2964ad3\">\u00a0partir de las 11 de la ma\u00f1ana y hasta las 9 de la noche (jornada continua).<\/span><\/p>\n<p dir=\"ltr\"><span id=\"m_-4461760732596076347m_5017116988259259585gmail-docs-internal-guid-22dcb2b6-ab47-2901-4696-5593f2964ad3\"><\/span>En la Feria Empresarial\u00a0<span id=\"m_-4461760732596076347gmail-m_5017116988259259585gmail-docs-internal-guid-22dcb2b6-ab47-2901-4696-5593f2964ad3\">\u201cEmprende Mujer\u201d,\u00a0<\/span><span id=\"m_-4461760732596076347m_5017116988259259585gmail-docs-internal-guid-22dcb2b6-ab47-2901-4696-5593f2964ad3\">los asistentes podr\u00e1n disfrutar de talleres con temas de alto impacto como marketing digital, ventas efectivas en google, entre otros, como tambi\u00e9n de presentaciones art\u00edsticas de Cielo Bernate o m\u00e1s conocida como Labernate, una cantante rola con alma cale\u00f1a que define sus canciones como \u201cm\u00fasica sentida, honesta y transparente.\u201d<\/span><\/p>\n<p dir=\"ltr\"><span id=\"m_-4461760732596076347m_5017116988259259585gmail-docs-internal-guid-22dcb2b6-ab47-2901-4696-5593f2964ad3\"><\/span>El programa Institucional Emprendedores, que\u00a0<span id=\"m_-4461760732596076347m_5017116988259259585gmail-docs-internal-guid-22dcb2b6-ab47-2901-4696-5593f2964ad3\"><span id=\"m_-4461760732596076347gmail-m_5017116988259259585gmail-docs-internal-guid-22dcb2b6-ab47-2901-4696-5593f2964ad3\">abre espacios de apoyo formativo y operativo para el desarrollo y\/o la promoci\u00f3n de sus proyectos<\/span>,\u00a0<\/span>invita a hacer parte de la feria empresarial, apoyando a estas mujeres que, una vez m\u00e1s, demostrar\u00e1n el talante vallecaucano y el poder del emprendimiento y la innovaci\u00f3n.<\/p>\n<p>Informaci\u00f3n:<\/p>\n<p dir=\"ltr\"><strong>321 21 00 EXT 2884 \/ 310 577 18 72<\/strong><\/p>\n<p dir=\"ltr\"><strong>Facebook: Emprendedores Univalle \u2013 \u00c1gora 2018<\/strong><\/p>\n<p dir=\"ltr\">Email:<a href=\"mailto:%%3Cscript%20type='text\/javascript'%3E%20%3C!--%20var%20prefix%20=%20'ma'%20+%20'il'%20+%20'to';%20var%20path%20=%20'hr'%20+%20'ef'%20+%20'=';%20var%20addy7642%20=%20'20programa.emprendedores'%20+%20'@';%20addy7642%20=%20addy7642%20+%20'correounivalle'%20+%20'.'%20+%20'edu'%20+%20'.'%20+%20'co';%20document.write('%3Ca%20'%20+%20path%20+%20'\\''%20+%20prefix%20+%20':'%20+%20addy7642%20+%20'\\'%3E');%20document.write(addy7642);%20document.write('%3C\\\/a%3E');%20\/\/--%3E\\n%20%3C\/script%3E%3Cscript%20type='text\/javascript'%3E%20%3C!--%20document.write('%3Cspan%20style=\\'display:%20none;\\'%3E');%20\/\/--%3E%20%3C\/script%3EEsta%20direcci%C3%B3n%20de%20correo%20electr%C3%B3nico%20est%C3%A1%20siendo%20protegida%20contra%20los%20robots%20de%20spam.%20Necesita%20tener%20JavaScript%20habilitado%20para%20poder%20verlo.%20%3Cscript%20type='text\/javascript'%3E%20%3C!--%20document.write('%3C\/');%20document.write('span%3E');%20\/\/--%3E%20%3C\/script%3E\">\u00a0programa.emprendedores@correou<wbr><\/wbr>nivalle.edu.co<\/a><\/p>\n","protected":false},"excerpt":{"rendered":"<p>La Universidad del Valle, que mediante el Programa Institucional \u2018Emprendedores\u2019 busca fortalecer la cultura del emprendimiento en nuestra ciudad, invita a\u00a0la feria empresarial \u201cEmprende Mujer\u201d que se realizar\u00e1 el\u00a019, 20 y 21 de abril, en el Centro Comercial La Estaci\u00f3n\u00a0-carrera 1ra entre calles 36 y 38. El objetivo de la[&#8230;]<\/p>\n","protected":false},"author":1,"featured_media":20020,"comment_status":"open","ping_status":"open","sticky":false,"template":"","format":"standard","meta":{"footnotes":""},"categories":[4],"tags":[],"_links":{"self":[{"href":"https:\/\/emisora.univalle.edu.co\/index.php\/wp-json\/wp\/v2\/posts\/20019"}],"collection":[{"href":"https:\/\/emisora.univalle.edu.co\/index.php\/wp-json\/wp\/v2\/posts"}],"about":[{"href":"https:\/\/emisora.univalle.edu.co\/index.php\/wp-json\/wp\/v2\/types\/post"}],"author":[{"embeddable":true,"href":"https:\/\/emisora.univalle.edu.co\/index.php\/wp-json\/wp\/v2\/users\/1"}],"replies":[{"embeddable":true,"href":"https:\/\/emisora.univalle.edu.co\/index.php\/wp-json\/wp\/v2\/comments?post=20019"}],"version-history":[{"count":1,"href":"https:\/\/emisora.univalle.edu.co\/index.php\/wp-json\/wp\/v2\/posts\/20019\/revisions"}],"predecessor-version":[{"id":20021,"href":"https:\/\/emisora.univalle.edu.co\/index.php\/wp-json\/wp\/v2\/posts\/20019\/revisions\/20021"}],"wp:featuredmedia":[{"embeddable":true,"href":"https:\/\/emisora.univalle.edu.co\/index.php\/wp-json\/wp\/v2\/media\/20020"}],"wp:attachment":[{"href":"https:\/\/emisora.univalle.edu.co\/index.php\/wp-json\/wp\/v2\/media?parent=20019"}],"wp:term":[{"taxonomy":"category","embeddable":true,"href":"https:\/\/emisora.univalle.edu.co\/index.php\/wp-json\/wp\/v2\/categories?post=20019"},{"taxonomy":"post_tag","embeddable":true,"href":"https:\/\/emisora.univalle.edu.co\/index.php\/wp-json\/wp\/v2\/tags?post=20019"}],"curies":[{"name":"wp","href":"https:\/\/api.w.org\/{rel}","templated":true}]}}