{"id":20036,"date":"2018-04-17T15:40:20","date_gmt":"2018-04-17T20:40:20","guid":{"rendered":"https:\/\/emisora.univalle.edu.co\/?p=20036"},"modified":"2018-04-17T15:40:20","modified_gmt":"2018-04-17T20:40:20","slug":"univalle-20-anos-participando-en-la-filbo","status":"publish","type":"post","link":"https:\/\/emisora.univalle.edu.co\/index.php\/univalle-20-anos-participando-en-la-filbo\/","title":{"rendered":"Univalle, 20 a\u00f1os participando en la FILBO"},"content":{"rendered":"<p dir=\"ltr\">El programa Editorial de la Universidad del Valle cumple 20 a\u00f1os de su participaci\u00f3n en la Feria Internacional del Libro de Bogot\u00e1, que este a\u00f1o da lugar a su trig\u00e9sima primera versi\u00f3n en el Centro Internacional de Negocios y Exposiciones- Corferias. Del 17 de abril al 2 de mayo se llevar\u00e1 a cabo esta versi\u00f3n de la feria que tiene como pa\u00eds invitado de honor a Argentina.<\/p>\n<p dir=\"ltr\">La Feria Internacional del Libro de Bogot\u00e1 se ha consolidado como uno de los eventos m\u00e1s importantes del continente al rededor del libro, por ello la participaci\u00f3n del Programa Editorial de la universidad del Valle representa una oportunidad de compartir y visibilizar la producci\u00f3n intelectual traducida en diversas publicaciones logradas al interior del alma m\u00e1ter.<\/p>\n<p dir=\"ltr\">Para la Filbo 2018, los investigadores, estudiantes y apasionados por las letras, tendr\u00e1n la posibilidad de acceder a m\u00e1s de 100 novedades publicadas por el Programa Editorial \u00a0entre el 2017 y 2018.<\/p>\n<p dir=\"ltr\">En el stand de Univalle no s\u00f3lo se encontrar\u00e1n obras recientes, tambi\u00e9n estar\u00e1n a disposici\u00f3n del p\u00fablico t\u00edtulos hist\u00f3ricos, dif\u00edciles de ubicar en los circuitos de librer\u00edas.<\/p>\n<p dir=\"ltr\">El profesor Francisco Ram\u00edrez, Director del Programa Editorial de la Universidad del Valle, mencion\u00f3 que las editoriales universitarias tienen un gran peso y que el programa de Univalle se encuentra entre las cinco editoriales universitarias nacionales con mayor vol\u00famen de novedades publicados anualmente.<\/p>\n<p dir=\"ltr\">La ubicaci\u00f3n del estand de Univalle en la FILBO 2018 ser\u00e1 en el pabell\u00f3n 3 de Corferias, en el estand 333, segundo piso.<\/p>\n<p>&nbsp;<\/p>\n<p dir=\"ltr\">Conozca la agenda completa del<a href=\"https:\/\/feriadellibro.com\/?d=agenda\">\u00a0FILBO 2018<\/a><\/p>\n<p dir=\"ltr\">Para m\u00e1s informaci\u00f3n sobre el Programa Editorial\u00a0<strong>Tel\u00e9fono:<\/strong>\u00a0321 2227 Fax: 330 8877<\/p>\n<p dir=\"ltr\"><a href=\"mailto:programa.editorial@correounivalle.edu.co\">programa.editorial@correounivalle.edu.co<\/a><\/p>\n","protected":false},"excerpt":{"rendered":"<p>El programa Editorial de la Universidad del Valle cumple 20 a\u00f1os de su participaci\u00f3n en la Feria Internacional del Libro de Bogot\u00e1, que este a\u00f1o da lugar a su trig\u00e9sima primera versi\u00f3n en el Centro Internacional de Negocios y Exposiciones- Corferias. Del 17 de abril al 2 de mayo se[&#8230;]<\/p>\n","protected":false},"author":1,"featured_media":20037,"comment_status":"open","ping_status":"open","sticky":false,"template":"","format":"standard","meta":{"footnotes":""},"categories":[4],"tags":[],"_links":{"self":[{"href":"https:\/\/emisora.univalle.edu.co\/index.php\/wp-json\/wp\/v2\/posts\/20036"}],"collection":[{"href":"https:\/\/emisora.univalle.edu.co\/index.php\/wp-json\/wp\/v2\/posts"}],"about":[{"href":"https:\/\/emisora.univalle.edu.co\/index.php\/wp-json\/wp\/v2\/types\/post"}],"author":[{"embeddable":true,"href":"https:\/\/emisora.univalle.edu.co\/index.php\/wp-json\/wp\/v2\/users\/1"}],"replies":[{"embeddable":true,"href":"https:\/\/emisora.univalle.edu.co\/index.php\/wp-json\/wp\/v2\/comments?post=20036"}],"version-history":[{"count":1,"href":"https:\/\/emisora.univalle.edu.co\/index.php\/wp-json\/wp\/v2\/posts\/20036\/revisions"}],"predecessor-version":[{"id":20038,"href":"https:\/\/emisora.univalle.edu.co\/index.php\/wp-json\/wp\/v2\/posts\/20036\/revisions\/20038"}],"wp:featuredmedia":[{"embeddable":true,"href":"https:\/\/emisora.univalle.edu.co\/index.php\/wp-json\/wp\/v2\/media\/20037"}],"wp:attachment":[{"href":"https:\/\/emisora.univalle.edu.co\/index.php\/wp-json\/wp\/v2\/media?parent=20036"}],"wp:term":[{"taxonomy":"category","embeddable":true,"href":"https:\/\/emisora.univalle.edu.co\/index.php\/wp-json\/wp\/v2\/categories?post=20036"},{"taxonomy":"post_tag","embeddable":true,"href":"https:\/\/emisora.univalle.edu.co\/index.php\/wp-json\/wp\/v2\/tags?post=20036"}],"curies":[{"name":"wp","href":"https:\/\/api.w.org\/{rel}","templated":true}]}}