{"id":20043,"date":"2018-04-20T11:14:56","date_gmt":"2018-04-20T16:14:56","guid":{"rendered":"https:\/\/emisora.univalle.edu.co\/?p=20043"},"modified":"2018-04-20T11:14:56","modified_gmt":"2018-04-20T16:14:56","slug":"las-amenazas-para-la-democracia-moderna","status":"publish","type":"post","link":"https:\/\/emisora.univalle.edu.co\/index.php\/las-amenazas-para-la-democracia-moderna\/","title":{"rendered":"Las amenazas para la democracia moderna"},"content":{"rendered":"<p>El profesor Jos\u00e9 Manuel Canales Aliende, Doctor en Derecho P\u00fablico de la Universidad Complutense de Madrid, present\u00f3, en la Facultad de Ciencias de la Administraci\u00f3n, la conferencia \u201cLa Crisis de la Democracia y la Gobernabilidad\u201d, en el marco de las actividades de internacionalizaci\u00f3n que viene desarrollando la Direcci\u00f3n de la Maestr\u00eda en Pol\u00edticas P\u00fablicas y el Grupo de Investigaci\u00f3n Derecho, Sociedad y Estado.<\/p>\n<p>En la presentaci\u00f3n, el profesor Canales se\u00f1al\u00f3 algunas de las razones que evidencian las crisis de las democracias en Am\u00e9rica Latina, e hizo un recuento sobre el origen de la misma con una completa rese\u00f1a hist\u00f3rica que comprendi\u00f3 desde la \u00e9poca cl\u00e1sica hasta la consolidaci\u00f3n de las democracias en el marco de las transformaciones de los Estados modernos en el siglo XIX.<\/p>\n<p>Los desbalances de la globalizaci\u00f3n econ\u00f3mica; el debilitamiento de las instituciones p\u00fablicas; la crisis de los partidos pol\u00edticos; las limitaciones y usos indebidos de las v\u00edas y los medios de participaci\u00f3n simb\u00f3licos; el surgimiento de populismos y las desigualdades que genera la sociedad del mercado, son, entre otras, las causas principales de la actual crisis de la democracia en la actuallidad.<\/p>\n<p>\u201cCuando hay una crisis econ\u00f3mica y social, la ciudadan\u00eda pide un salvador\u201d, advirti\u00f3 el catedr\u00e1tico y recalc\u00f3 que no hay peor situaci\u00f3n para la democracia que el empobrecimiento de la clase media. Estos escenarios explicar\u00edan el surgimiento del fascismo, el nazismo y con ellos, de personajes como Adolfo Hitler.<\/p>\n<p>Seg\u00fan el profesor Canales, la crisis de la democracia no se resuelve sino con m\u00e1s democracia, pero con una democracia participativa, entendida como un sistema de organizaci\u00f3n pol\u00edtica que otorgue a los ciudadanos una mayor capacidad de intervenci\u00f3n e influencia en la toma de decisiones de car\u00e1cter p\u00fablico.<\/p>\n<p>La democracia participativa asume como uno de sus objetivos que el ciudadano no limite su papel dentro del sistema democr\u00e1tico al ejercicio del sufragio, como ocurre en la democracia representativa, sino que asuma un rol protag\u00f3nico, activo y propositivo dentro de la pol\u00edtica, tanto a nivel comunitario, como regional y nacional. El cambio social s\u00f3lo es posible con la educaci\u00f3n y la innovaci\u00f3n, concluy\u00f3.<\/p>\n<p>Durante el acto acad\u00e9mico, se hizo entrega de la Resoluci\u00f3n, por la cual se autoriza la vinculaci\u00f3n del profesor Jos\u00e9 Manuel Canales Aliende, como Profesor Visitante Honorario. Adem\u00e1s de la conferencia, el profesor particip\u00f3 en una reuni\u00f3n con los docentes que apoyan la creaci\u00f3n del Doctorado en Administraci\u00f3n P\u00fablica y en un conversatorio con los grupos de investigaci\u00f3n de la Facultad de Ciencias de la Administraci\u00f3n tales como: Gobierno y Pol\u00edticas P\u00fablicas; Derecho, Sociedad y Estado; Participaci\u00f3n Ciudadana y Desarrollo de Mecanismos Contra la Corrupci\u00f3n y Negocios Internacionales y Comercio Exterior.<\/p>\n<p>El profesor Canales dict\u00f3 adem\u00e1s clases magistrales a los estudiantes de la Maestr\u00eda en Pol\u00edticas P\u00fablicas.<\/p>\n<p>Jos\u00e9 Manuel Canales es Licenciado en Derecho por la Universidad de Deusto (Bilbao). Graduado en Ciencias Empresariales por ICADE de la Universidad Pontificia de Comillas (Madrid). Diplomado en Sociolog\u00eda Pol\u00edtica por el Instituto de Estudios Pol\u00edticos (Madrid). Doctor en Derecho P\u00fablico por la Universidad Complutense y consultor de la OCDE, Banco Mundial y de la Uni\u00f3n Europea.<\/p>\n<p>Es miembro del consejo acad\u00e9mico de varias revistas indexadas de Ciencias Sociales de Espa\u00f1a y del extranjero. Autor de unas cien publicaciones (libros, cap\u00edtulos de libros y art\u00edculos de revistas) sobre la Modernizaci\u00f3n del Estado, el Gobierno, la Administraci\u00f3n y la Gesti\u00f3n P\u00fablica.<\/p>\n<p>Profesor de la Universidad Complutense desde 1975 hasta 2001, fecha en la que accedi\u00f3 a la C\u00e1tedra de Ciencia Pol\u00edtica y de la Administraci\u00f3n de la Universidad de Alicante. Profesor visitante de numerosas universidades espa\u00f1olas, europeas, iberoamericanas y norteamericanas en especial la Universidad Georgetown.<\/p>\n<p><strong>Informes:<\/strong>\u00a0Programa de Comunicaciones. Facultad de Ciencias de la Administraci\u00f3n. Universidad del Valle. Tel: 3212100 Ext. 7590.<\/p>\n","protected":false},"excerpt":{"rendered":"<p>El profesor Jos\u00e9 Manuel Canales Aliende, Doctor en Derecho P\u00fablico de la Universidad Complutense de Madrid, present\u00f3, en la Facultad de Ciencias de la Administraci\u00f3n, la conferencia \u201cLa Crisis de la Democracia y la Gobernabilidad\u201d, en el marco de las actividades de internacionalizaci\u00f3n que viene desarrollando la Direcci\u00f3n de la[&#8230;]<\/p>\n","protected":false},"author":1,"featured_media":20044,"comment_status":"open","ping_status":"open","sticky":false,"template":"","format":"standard","meta":{"footnotes":""},"categories":[4],"tags":[],"_links":{"self":[{"href":"https:\/\/emisora.univalle.edu.co\/index.php\/wp-json\/wp\/v2\/posts\/20043"}],"collection":[{"href":"https:\/\/emisora.univalle.edu.co\/index.php\/wp-json\/wp\/v2\/posts"}],"about":[{"href":"https:\/\/emisora.univalle.edu.co\/index.php\/wp-json\/wp\/v2\/types\/post"}],"author":[{"embeddable":true,"href":"https:\/\/emisora.univalle.edu.co\/index.php\/wp-json\/wp\/v2\/users\/1"}],"replies":[{"embeddable":true,"href":"https:\/\/emisora.univalle.edu.co\/index.php\/wp-json\/wp\/v2\/comments?post=20043"}],"version-history":[{"count":1,"href":"https:\/\/emisora.univalle.edu.co\/index.php\/wp-json\/wp\/v2\/posts\/20043\/revisions"}],"predecessor-version":[{"id":20045,"href":"https:\/\/emisora.univalle.edu.co\/index.php\/wp-json\/wp\/v2\/posts\/20043\/revisions\/20045"}],"wp:featuredmedia":[{"embeddable":true,"href":"https:\/\/emisora.univalle.edu.co\/index.php\/wp-json\/wp\/v2\/media\/20044"}],"wp:attachment":[{"href":"https:\/\/emisora.univalle.edu.co\/index.php\/wp-json\/wp\/v2\/media?parent=20043"}],"wp:term":[{"taxonomy":"category","embeddable":true,"href":"https:\/\/emisora.univalle.edu.co\/index.php\/wp-json\/wp\/v2\/categories?post=20043"},{"taxonomy":"post_tag","embeddable":true,"href":"https:\/\/emisora.univalle.edu.co\/index.php\/wp-json\/wp\/v2\/tags?post=20043"}],"curies":[{"name":"wp","href":"https:\/\/api.w.org\/{rel}","templated":true}]}}